{"id":7105,"date":"2019-03-19T02:07:01","date_gmt":"2019-03-19T05:07:01","guid":{"rendered":"http:\/\/www.sociales.unlz.edu.ar\/?p=7105"},"modified":"2019-06-12T12:32:11","modified_gmt":"2019-06-12T15:32:11","slug":"avanza-el-acondicionamiento-edilicio","status":"publish","type":"post","link":"https:\/\/www.sociales.unlz.edu.ar\/index.php\/2019\/03\/19\/avanza-el-acondicionamiento-edilicio\/","title":{"rendered":"Avanza el acondicionamiento edilicio"},"content":{"rendered":"<div class=\"gmail_attr\" dir=\"ltr\"><\/div>\n<p>&nbsp;<\/p>\n<div dir=\"ltr\">\n<p>En el marco del Plan de acondicionamiento edilicio de la Facultad de Ciencias Sociales, los trabajos de restauraci\u00f3n del frente de nuestra casa de estudios est\u00e1n pr\u00f3ximos a concluir. La obra es parte de un proyecto m\u00e1s amplio para que todos podamos estudiar y trabajar en una unidad acad\u00e9mica en mejores condiciones y con mayores comodidades.<\/p>\n<p>La remodelaci\u00f3n de la fachada, que hab\u00eda comenzado en enero, implic\u00f3 la reparaci\u00f3n de la estructura y filtraciones, el recubrimiento con paneles y el cambio de las ventanas de las oficinas de la planta baja y el primer piso. De este modo, el reemplazo de ventanas y cerramientos ya es una realidad en todo el edificio central.<\/p>\n<p>En tanto, en las aulas magnas se removieron las aberturas y se instal\u00f3 un nuevo sistema de luces Led. Adem\u00e1s, en las aulas A, B y D se quitaron bancos y alfombras, y se colocaron pisos.<\/p>\n<p>En tanto, en el Auditorio Rodolfo Walsh se sacaron las butacas rotas; se repararon paredes y filtraciones; se impermeabiliz\u00f3 el techo; se coloc\u00f3 un nuevo sistema de refrigeraci\u00f3n; se revisti\u00f3 con alfombras el piso y las paredes, y se renov\u00f3 el sistema el\u00e9ctrico.<\/p>\n<p>En 2018 se realizaron diversas tareas en el edificio central: instalaci\u00f3n de nuevos radiadores de calefacci\u00f3n; cambio del sistema de iluminaci\u00f3n por luces Led en aulas y pasillos; ploteado y reparaci\u00f3n de las puertas de blindex de las aulas; y arreglo de paredes y filtraciones. Tambi\u00e9n se realizaron tareas de pintura, que a\u00fan persisten.<\/p>\n<\/div>\n<div class=\"clearfix mt16\"><ul class=\"carousel-one-item carousel-olw-nav slides post-slider\"><li><img decoding=\"async\" src=\"https:\/\/www.sociales.unlz.edu.ar\/wp-content\/uploads\/2019\/03\/thumbnail_DSC_6463.jpg\" alt=\"gallery-item\" \/><\/li><li><img decoding=\"async\" src=\"https:\/\/www.sociales.unlz.edu.ar\/wp-content\/uploads\/2019\/03\/thumbnail_DSC_6660.jpg\" alt=\"gallery-item\" \/><\/li><li><img decoding=\"async\" src=\"https:\/\/www.sociales.unlz.edu.ar\/wp-content\/uploads\/2019\/03\/DSC_6477.jpg\" alt=\"gallery-item\" \/><\/li><li><img decoding=\"async\" src=\"https:\/\/www.sociales.unlz.edu.ar\/wp-content\/uploads\/2019\/03\/DSC_6468.jpg\" alt=\"gallery-item\" \/><\/li><li><img decoding=\"async\" src=\"https:\/\/www.sociales.unlz.edu.ar\/wp-content\/uploads\/2019\/03\/DSC_6392.jpg\" alt=\"gallery-item\" \/><\/li><li><img decoding=\"async\" src=\"https:\/\/www.sociales.unlz.edu.ar\/wp-content\/uploads\/2019\/03\/DSC_6738-1280x900.jpg\" alt=\"gallery-item\" \/><\/li><li><img decoding=\"async\" src=\"https:\/\/www.sociales.unlz.edu.ar\/wp-content\/uploads\/2019\/06\/Frente-Soc.jpeg\" alt=\"gallery-item\" \/><\/li><li><img decoding=\"async\" src=\"https:\/\/www.sociales.unlz.edu.ar\/wp-content\/uploads\/2019\/06\/Aula-A-y-B.jpeg\" alt=\"gallery-item\" \/><\/li><li><img decoding=\"async\" src=\"https:\/\/www.sociales.unlz.edu.ar\/wp-content\/uploads\/2019\/06\/MG_7188.jpg\" alt=\"gallery-item\" \/><\/li><li><img decoding=\"async\" src=\"https:\/\/www.sociales.unlz.edu.ar\/wp-content\/uploads\/2019\/06\/MG_7175.jpg\" alt=\"gallery-item\" \/><\/li><\/ul><\/div>\n","protected":false},"excerpt":{"rendered":"<p>En el marco del Plan de acondicionamiento edilicio de la Facultad de Ciencias Sociales, los&#8230;<\/p>\n","protected":false},"author":8,"featured_media":7104,"comment_status":"open","ping_status":"open","sticky":false,"template":"","format":"standard","meta":{"footnotes":""},"categories":[135],"tags":[],"class_list":["post-7105","post","type-post","status-publish","format-standard","has-post-thumbnail","hentry","category-novedades"],"_links":{"self":[{"href":"https:\/\/www.sociales.unlz.edu.ar\/index.php\/wp-json\/wp\/v2\/posts\/7105","targetHints":{"allow":["GET"]}}],"collection":[{"href":"https:\/\/www.sociales.unlz.edu.ar\/index.php\/wp-json\/wp\/v2\/posts"}],"about":[{"href":"https:\/\/www.sociales.unlz.edu.ar\/index.php\/wp-json\/wp\/v2\/types\/post"}],"author":[{"embeddable":true,"href":"https:\/\/www.sociales.unlz.edu.ar\/index.php\/wp-json\/wp\/v2\/users\/8"}],"replies":[{"embeddable":true,"href":"https:\/\/www.sociales.unlz.edu.ar\/index.php\/wp-json\/wp\/v2\/comments?post=7105"}],"version-history":[{"count":7,"href":"https:\/\/www.sociales.unlz.edu.ar\/index.php\/wp-json\/wp\/v2\/posts\/7105\/revisions"}],"predecessor-version":[{"id":7822,"href":"https:\/\/www.sociales.unlz.edu.ar\/index.php\/wp-json\/wp\/v2\/posts\/7105\/revisions\/7822"}],"wp:featuredmedia":[{"embeddable":true,"href":"https:\/\/www.sociales.unlz.edu.ar\/index.php\/wp-json\/wp\/v2\/media\/7104"}],"wp:attachment":[{"href":"https:\/\/www.sociales.unlz.edu.ar\/index.php\/wp-json\/wp\/v2\/media?parent=7105"}],"wp:term":[{"taxonomy":"category","embeddable":true,"href":"https:\/\/www.sociales.unlz.edu.ar\/index.php\/wp-json\/wp\/v2\/categories?post=7105"},{"taxonomy":"post_tag","embeddable":true,"href":"https:\/\/www.sociales.unlz.edu.ar\/index.php\/wp-json\/wp\/v2\/tags?post=7105"}],"curies":[{"name":"wp","href":"https:\/\/api.w.org\/{rel}","templated":true}]}}