{"id":6921,"date":"2019-03-08T19:38:25","date_gmt":"2019-03-08T22:38:25","guid":{"rendered":"http:\/\/www.sociales.unlz.edu.ar\/?p=6921"},"modified":"2019-03-13T12:15:34","modified_gmt":"2019-03-13T15:15:34","slug":"lanzan-una-diplomatura-sobre-generos-y-sociedad","status":"publish","type":"post","link":"https:\/\/www.sociales.unlz.edu.ar\/index.php\/2019\/03\/08\/lanzan-una-diplomatura-sobre-generos-y-sociedad\/","title":{"rendered":"Lanzan una diplomatura sobre g\u00e9neros y sociedad"},"content":{"rendered":"<p>Las facultades de Ciencias Sociales y Derecho de la Universidad Nacional de Lomas de Zamora lanzaron en forma conjunta la Diplomatura en G\u00e9neros y Sociedad que abrir\u00e1 la instancia de inscripci\u00f3n a partir del pr\u00f3ximo mi\u00e9rcoles 13 de marzo y comenzar\u00e1 a dictarse el mes que viene. La cursada se realizar\u00e1 una vez por semana entre abril y noviembre con una carga horaria total de 125 horas,\u00a0 y podr\u00e1n realizarla quienes acrediten secundario completo.<\/p>\n<p>La actividad acad\u00e9mica, presentada en sociedad por la decana de Derecho, Mar\u00eda Fernanda Vazquez, y su par de Sociales, Gustavo Na\u00f3n, \u00a0tiene como finalidad formar formadores en problem\u00e1ticas de g\u00e9neros en la actualidad latinoamericana y estar\u00e1 dividida en cuatro m\u00f3dulos: Epistemolog\u00eda Feminista y Estudios de G\u00e9neros; Perspectiva de G\u00e9nero; Violencia de G\u00e9nero, y Legislaci\u00f3n y Pol\u00edticas P\u00fablicas. La cursada est\u00e1 prevista en tres clases presenciales y la participaci\u00f3n en un panel por mes.<\/p>\n<p>En ese sentido, seg\u00fan explicaron desde ambas casas de estudio, el Plan de la Diplomatura se organiz\u00f3 \u201ccon cuatro m\u00f3dulos de clases presenciales y paneles de debate, y contar\u00e1 con un taller para el trabajo final\u201d. Asimismo, destacaron que los\u00a0 asistentes \u201c van a disponer de un campus virtual que brindar\u00e1 apoyo y complementar\u00e1 los contenidos\u201d<\/p>\n<p>Adem\u00e1s, aseguraron que el dise\u00f1o \u201cposibilita una adecuada estructuraci\u00f3n de los contenidos para ser abordados a partir de las dimensiones antropol\u00f3gica, hist\u00f3rica, psicol\u00f3gica, jur\u00eddica y pol\u00edtica\u201d, y concluyeron: \u201cEl objetivo es generar un \u00e1mbito de formaci\u00f3n con perspectiva de g\u00e9neros para el \u00a0an\u00e1lisis e intervenci\u00f3n en pol\u00edticas p\u00fablicas; brindar herramientas te\u00f3rico-pr\u00e1cticas\u00a0 para el abordaje de cuestiones y problem\u00e1ticas vinculadas a esta tem\u00e1tica, y propiciar el cambio de valores culturales, desde una mirada cr\u00edtica de los roles tradicionales de varones y mujeres, estereotipos e interacciones discriminatorias entre g\u00e9neros\u201d.<\/p>\n<p>Quienes est\u00e9n interesados en la propuesta pueden realizar la pre-inscripci\u00f3n on line <a href=\"https:\/\/goo.gl\/forms\/iKskukfzHdS1nCzh1\">AQU\u00cd\u00a0<\/a>\u00a0 o escribir a\u00a0<a href=\"mailto:extensi%C3%B3n@derecho.unlz.edu.ar\">sec.extensi\u00f3n@derecho.unlz.edu.ar<\/a> o a <a href=\"mailto:investigaciones@sociales.unlz.edu.ar\">investigaciones@sociales.unlz.edu.ar<\/a> .<\/p>\n<p><img fetchpriority=\"high\" decoding=\"async\" class=\"alignnone size-full wp-image-6920\" src=\"http:\/\/www.sociales.unlz.edu.ar\/wp-content\/uploads\/2019\/03\/DSC_6138.jpg\" alt=\"\" width=\"1559\" height=\"1036\" \/><\/p>\n","protected":false},"excerpt":{"rendered":"<p>Las facultades de Ciencias Sociales y Derecho de la Universidad Nacional de Lomas de Zamora lanzaron&#8230;<\/p>\n","protected":false},"author":8,"featured_media":6920,"comment_status":"open","ping_status":"open","sticky":false,"template":"","format":"standard","meta":{"footnotes":""},"categories":[135],"tags":[],"class_list":["post-6921","post","type-post","status-publish","format-standard","has-post-thumbnail","hentry","category-novedades"],"_links":{"self":[{"href":"https:\/\/www.sociales.unlz.edu.ar\/index.php\/wp-json\/wp\/v2\/posts\/6921","targetHints":{"allow":["GET"]}}],"collection":[{"href":"https:\/\/www.sociales.unlz.edu.ar\/index.php\/wp-json\/wp\/v2\/posts"}],"about":[{"href":"https:\/\/www.sociales.unlz.edu.ar\/index.php\/wp-json\/wp\/v2\/types\/post"}],"author":[{"embeddable":true,"href":"https:\/\/www.sociales.unlz.edu.ar\/index.php\/wp-json\/wp\/v2\/users\/8"}],"replies":[{"embeddable":true,"href":"https:\/\/www.sociales.unlz.edu.ar\/index.php\/wp-json\/wp\/v2\/comments?post=6921"}],"version-history":[{"count":3,"href":"https:\/\/www.sociales.unlz.edu.ar\/index.php\/wp-json\/wp\/v2\/posts\/6921\/revisions"}],"predecessor-version":[{"id":7047,"href":"https:\/\/www.sociales.unlz.edu.ar\/index.php\/wp-json\/wp\/v2\/posts\/6921\/revisions\/7047"}],"wp:featuredmedia":[{"embeddable":true,"href":"https:\/\/www.sociales.unlz.edu.ar\/index.php\/wp-json\/wp\/v2\/media\/6920"}],"wp:attachment":[{"href":"https:\/\/www.sociales.unlz.edu.ar\/index.php\/wp-json\/wp\/v2\/media?parent=6921"}],"wp:term":[{"taxonomy":"category","embeddable":true,"href":"https:\/\/www.sociales.unlz.edu.ar\/index.php\/wp-json\/wp\/v2\/categories?post=6921"},{"taxonomy":"post_tag","embeddable":true,"href":"https:\/\/www.sociales.unlz.edu.ar\/index.php\/wp-json\/wp\/v2\/tags?post=6921"}],"curies":[{"name":"wp","href":"https:\/\/api.w.org\/{rel}","templated":true}]}}