{"id":6620,"date":"2019-02-07T14:30:14","date_gmt":"2019-02-07T17:30:14","guid":{"rendered":"http:\/\/www.sociales.unlz.edu.ar\/?p=6620"},"modified":"2019-03-14T18:16:09","modified_gmt":"2019-03-14T21:16:09","slug":"convocatoria-para-profesionales-de-psicopedagogia","status":"publish","type":"post","link":"https:\/\/www.sociales.unlz.edu.ar\/index.php\/2019\/02\/07\/convocatoria-para-profesionales-de-psicopedagogia\/","title":{"rendered":"Convocatoria para profesionales de Psicopedagog\u00eda"},"content":{"rendered":"<p>El Servicio de Atenci\u00f3n y Orientaci\u00f3n Psicopedag\u00f3gico (SAOP) de la Facultad de Ciencias Sociales de la Universidad Nacional de Lomas de Zamora convoca psicopedagogas y psicopedagogos para la atenci\u00f3n de ni\u00f1os, ni\u00f1as y j\u00f3venes, y asesoramiento a las familias.<\/p>\n<p>El servicio brinda atenci\u00f3n psicopedag\u00f3gica de alta calidad a los ni\u00f1os de la zona de influencia\u00a0y ofrece oportunidad a egresados de realizar pr\u00e1cticas ad honorem con supervisi\u00f3n. Desde el a\u00f1o pasado se ampli\u00f3 el horario para posibilitar que m\u00e1s pacientes accedan a los tratamientos.<\/p>\n<p><em>Los\u00a0d\u00edas\u00a0y horarios para cubrir son:<\/em><\/p>\n<p>Martes de 9.00 a 13.00.<\/p>\n<p>Mi\u00e9rcoles\u00a0de 9.00 a 13.00<\/p>\n<p>Mi\u00e9rcoles de 14.00 a 18.00<\/p>\n<p>Viernes de 9.00 a 13.00.<\/p>\n<p>Viernes de 14.00 a 18.00.<\/p>\n<p><strong>Requisitos:<\/strong><\/p>\n<p>Fotocopia de t\u00edtulo de Psicopedagogo\/ Lic. en Psicopedagog\u00eda, o bien constancia de t\u00edtulo en tr\u00e1mite.<\/p>\n<p>Fotocopia de DNI<\/p>\n<p>CV actualizado<\/p>\n<p>Carta de presentaci\u00f3n<\/p>\n<p>Entrevista personal en el SAOP<\/p>\n<p><em>El horario de atenci\u00f3n es de\u00a0lunes a viernes de 8.00 a 15.30.<\/em><\/p>\n<p>M\u00e1s informaci\u00f3n: <a href=\"mailto:saop@sociales.unlz.edu.ar\">saop@sociales.unlz.edu.ar\u00a0<\/a><\/p>\n","protected":false},"excerpt":{"rendered":"<p>El Servicio de Atenci\u00f3n y Orientaci\u00f3n Psicopedag\u00f3gico (SAOP) de la Facultad de Ciencias Sociales de la&#8230;<\/p>\n","protected":false},"author":8,"featured_media":6623,"comment_status":"open","ping_status":"open","sticky":false,"template":"","format":"standard","meta":{"footnotes":""},"categories":[135],"tags":[],"class_list":["post-6620","post","type-post","status-publish","format-standard","has-post-thumbnail","hentry","category-novedades"],"_links":{"self":[{"href":"https:\/\/www.sociales.unlz.edu.ar\/index.php\/wp-json\/wp\/v2\/posts\/6620","targetHints":{"allow":["GET"]}}],"collection":[{"href":"https:\/\/www.sociales.unlz.edu.ar\/index.php\/wp-json\/wp\/v2\/posts"}],"about":[{"href":"https:\/\/www.sociales.unlz.edu.ar\/index.php\/wp-json\/wp\/v2\/types\/post"}],"author":[{"embeddable":true,"href":"https:\/\/www.sociales.unlz.edu.ar\/index.php\/wp-json\/wp\/v2\/users\/8"}],"replies":[{"embeddable":true,"href":"https:\/\/www.sociales.unlz.edu.ar\/index.php\/wp-json\/wp\/v2\/comments?post=6620"}],"version-history":[{"count":4,"href":"https:\/\/www.sociales.unlz.edu.ar\/index.php\/wp-json\/wp\/v2\/posts\/6620\/revisions"}],"predecessor-version":[{"id":7082,"href":"https:\/\/www.sociales.unlz.edu.ar\/index.php\/wp-json\/wp\/v2\/posts\/6620\/revisions\/7082"}],"wp:featuredmedia":[{"embeddable":true,"href":"https:\/\/www.sociales.unlz.edu.ar\/index.php\/wp-json\/wp\/v2\/media\/6623"}],"wp:attachment":[{"href":"https:\/\/www.sociales.unlz.edu.ar\/index.php\/wp-json\/wp\/v2\/media?parent=6620"}],"wp:term":[{"taxonomy":"category","embeddable":true,"href":"https:\/\/www.sociales.unlz.edu.ar\/index.php\/wp-json\/wp\/v2\/categories?post=6620"},{"taxonomy":"post_tag","embeddable":true,"href":"https:\/\/www.sociales.unlz.edu.ar\/index.php\/wp-json\/wp\/v2\/tags?post=6620"}],"curies":[{"name":"wp","href":"https:\/\/api.w.org\/{rel}","templated":true}]}}