{"id":6115,"date":"2018-11-23T10:09:54","date_gmt":"2018-11-23T13:09:54","guid":{"rendered":"http:\/\/www.sociales.unlz.edu.ar\/?p=6115"},"modified":"2018-11-23T14:47:54","modified_gmt":"2018-11-23T17:47:54","slug":"un-centenar-de-graduados-recibio-su-titulo","status":"publish","type":"post","link":"https:\/\/www.sociales.unlz.edu.ar\/index.php\/2018\/11\/23\/un-centenar-de-graduados-recibio-su-titulo\/","title":{"rendered":"Un centenar de graduados recibi\u00f3 su t\u00edtulo"},"content":{"rendered":"<div class=\"clearfix mt16\"><ul class=\"carousel-one-item carousel-olw-nav slides post-slider\"><li><img decoding=\"async\" src=\"https:\/\/www.sociales.unlz.edu.ar\/wp-content\/uploads\/2018\/11\/5-3.jpg\" alt=\"gallery-item\" \/><\/li><li><img decoding=\"async\" src=\"https:\/\/www.sociales.unlz.edu.ar\/wp-content\/uploads\/2018\/11\/4-4.jpg\" alt=\"gallery-item\" \/><\/li><li><img decoding=\"async\" src=\"https:\/\/www.sociales.unlz.edu.ar\/wp-content\/uploads\/2018\/11\/6-3.jpg\" alt=\"gallery-item\" \/><\/li><li><img decoding=\"async\" src=\"https:\/\/www.sociales.unlz.edu.ar\/wp-content\/uploads\/2018\/11\/3-4.jpg\" alt=\"gallery-item\" \/><\/li><li><img decoding=\"async\" src=\"https:\/\/www.sociales.unlz.edu.ar\/wp-content\/uploads\/2018\/11\/2-5.jpg\" alt=\"gallery-item\" \/><\/li><li><img decoding=\"async\" src=\"https:\/\/www.sociales.unlz.edu.ar\/wp-content\/uploads\/2018\/11\/1-5.jpg\" alt=\"gallery-item\" \/><\/li><li><img decoding=\"async\" src=\"https:\/\/www.sociales.unlz.edu.ar\/wp-content\/uploads\/2018\/11\/8-1.jpg\" alt=\"gallery-item\" \/><\/li><li><img decoding=\"async\" src=\"https:\/\/www.sociales.unlz.edu.ar\/wp-content\/uploads\/2018\/11\/7-3.jpg\" alt=\"gallery-item\" \/><\/li><\/ul><\/div>\n<p>&nbsp;<\/p>\n<p style=\"text-align: justify;\">La Facultad de Ciencias Sociales de la Universidad Nacional de Lomas de Zamora realiz\u00f3 sus colaciones de grado 191 y 192 en el que recibieron su t\u00edtulo egresadas y egresados de las carreras de Comunicaci\u00f3n Social, Periodismo, Publicidad, Relaciones P\u00fablicas y Relaciones Laborales. La ceremonia fue presidida por el decano anfitri\u00f3n, Gustavo Na\u00f3n, quien estuvo acompa\u00f1ado por el secretario Acad\u00e9mico de la Universidad, Hugo Galderisi, y las secretarias Acad\u00e9mica y de Investigaciones de la casa de estudios, Graciela Fern\u00e1ndez y Luz Canella Tsuji, respectivamente.<\/p>\n<p style=\"text-align: justify;\">Luego de las felicitaciones a las graduadas, los graduados y sus familiares, Na\u00f3n destac\u00f3 que la Ciencias Sociales \u201ces una Facultad que integra a la primera universidad que se cre\u00f3 en el Conurbano y ese es un sello que llevamos con orgullo\u201d, y a\u00f1adi\u00f3: \u201cFormamos profesionales con compromiso social, somos parte de una Universidad comprometida con el desarrollo, la producci\u00f3n de conocimiento, el desarrollo del pensamiento cr\u00edtico y la creatividad en nuestros graduados y estudiantes, y tambi\u00e9n con la transmisi\u00f3n de valores como la defensa de la memoria hist\u00f3rica, la democracia, el respeto por la inclusi\u00f3n y sobre todo la justicia social\u201d.<\/p>\n<p style=\"text-align: justify;\">\u201cCreo que la b\u00fasqueda de la igualdad es una de las banderas m\u00e1s importantes que nos identifica a todos\u201d, complet\u00f3.<\/p>\n<p style=\"text-align: justify;\">Luego, destac\u00f3 dos hitos fundamentales para el sistema universitario argentino, como fueron la Reforma Universitaria del 1918 en su centenario y el D\u00eda de la Gratuidad en la Ense\u00f1anza universitaria, al cumplirse el 69 aniversario del decreto 29.337 que quit\u00f3 los aranceles de las casas de altos estudio.<\/p>\n<p style=\"text-align: justify;\">\u201cEste es un a\u00f1o muy particular para todo el sistema universitario, porque celebramos los 100 a\u00f1os de la reforma Universitaria de 1918, que le dio la oportunidad a las clases medias de acceder a la universidad, pero al mismo tiempo nos daba la oportunidad a todos\u00a0 de contar con logros como la libertad de c\u00e1tedra, la participaci\u00f3n estudiantil, el gobierno tripartito\u201d, se\u00f1al\u00f3 y luego destac\u00f3 que \u00a0\u201csobre todas las cosas hoy es un d\u00eda muy especial porque un 22 de noviembre de 1949, hace 69 a\u00f1os, con el decreto 29.337, Juan Domingo Per\u00f3n nos otorgaba el derecho a la universidad gratuita, que signific\u00f3 que muchos trabajadores y\u00a0 sobre todo las clases populares pudiera acceder a sus estudios superiores por primera vez\u201d.<\/p>\n<p style=\"text-align: justify;\">\u201cHoy tenemos que reflexionar sobre esas conquistas y defenderlas cada d\u00eda\u201d, sostuvo el decano, y remarc\u00f3: \u201cEste a\u00f1o nos toc\u00f3 marchar en defensa de la universidad p\u00fablica gratuita e inclusiva, en defensa del presupuesto universitario y del\u00a0 dedicado a investigaci\u00f3n, en defensa de que m\u00e1s pibas y pibes de los sectores populares puedan acceder a las universidades de nuestro pa\u00eds. Salimos a defender los sue\u00f1os de aquellos estudiantes Reformistas del 18, los de los sectores populares que accedieron a la universidad p\u00fablica a fines de los 40, de nuestros compa\u00f1eros perseguidos y desaparecidos, los nuestros y los de nuestros hijos de tener siempre la posibilidad de acceder a una Universidad p\u00fabica, gratuita, inclusiva, comprometida y de calidad\u201d.<\/p>\n","protected":false},"excerpt":{"rendered":"<p>La Facultad de Ciencias Sociales de la Universidad Nacional de Lomas de Zamora realiz\u00f3 sus&#8230;<\/p>\n","protected":false},"author":8,"featured_media":6127,"comment_status":"open","ping_status":"open","sticky":false,"template":"","format":"standard","meta":{"footnotes":""},"categories":[135],"tags":[],"class_list":["post-6115","post","type-post","status-publish","format-standard","has-post-thumbnail","hentry","category-novedades"],"_links":{"self":[{"href":"https:\/\/www.sociales.unlz.edu.ar\/index.php\/wp-json\/wp\/v2\/posts\/6115","targetHints":{"allow":["GET"]}}],"collection":[{"href":"https:\/\/www.sociales.unlz.edu.ar\/index.php\/wp-json\/wp\/v2\/posts"}],"about":[{"href":"https:\/\/www.sociales.unlz.edu.ar\/index.php\/wp-json\/wp\/v2\/types\/post"}],"author":[{"embeddable":true,"href":"https:\/\/www.sociales.unlz.edu.ar\/index.php\/wp-json\/wp\/v2\/users\/8"}],"replies":[{"embeddable":true,"href":"https:\/\/www.sociales.unlz.edu.ar\/index.php\/wp-json\/wp\/v2\/comments?post=6115"}],"version-history":[{"count":8,"href":"https:\/\/www.sociales.unlz.edu.ar\/index.php\/wp-json\/wp\/v2\/posts\/6115\/revisions"}],"predecessor-version":[{"id":6140,"href":"https:\/\/www.sociales.unlz.edu.ar\/index.php\/wp-json\/wp\/v2\/posts\/6115\/revisions\/6140"}],"wp:featuredmedia":[{"embeddable":true,"href":"https:\/\/www.sociales.unlz.edu.ar\/index.php\/wp-json\/wp\/v2\/media\/6127"}],"wp:attachment":[{"href":"https:\/\/www.sociales.unlz.edu.ar\/index.php\/wp-json\/wp\/v2\/media?parent=6115"}],"wp:term":[{"taxonomy":"category","embeddable":true,"href":"https:\/\/www.sociales.unlz.edu.ar\/index.php\/wp-json\/wp\/v2\/categories?post=6115"},{"taxonomy":"post_tag","embeddable":true,"href":"https:\/\/www.sociales.unlz.edu.ar\/index.php\/wp-json\/wp\/v2\/tags?post=6115"}],"curies":[{"name":"wp","href":"https:\/\/api.w.org\/{rel}","templated":true}]}}