{"id":4338,"date":"2018-10-25T15:48:14","date_gmt":"2018-10-25T18:48:14","guid":{"rendered":"http:\/\/10.0.1.20\/?p=4338"},"modified":"2018-11-26T14:39:42","modified_gmt":"2018-11-26T17:39:42","slug":"especialistas-reflexionaron-sobre-los-desafios-del-aprendizaje","status":"publish","type":"post","link":"https:\/\/www.sociales.unlz.edu.ar\/index.php\/2018\/10\/25\/especialistas-reflexionaron-sobre-los-desafios-del-aprendizaje\/","title":{"rendered":"Especialistas reflexionaron sobre los desaf\u00edos del aprendizaje"},"content":{"rendered":"<h5><!--more--><\/h5>\n<div class=\"clearfix mt16\"><ul class=\"carousel-one-item carousel-olw-nav slides post-slider\"><li><img decoding=\"async\" src=\"https:\/\/www.sociales.unlz.edu.ar\/wp-content\/uploads\/2018\/11\/4-5.jpg\" alt=\"gallery-item\" \/><\/li><li><img decoding=\"async\" src=\"https:\/\/www.sociales.unlz.edu.ar\/wp-content\/uploads\/2018\/11\/3-5.jpg\" alt=\"gallery-item\" \/><\/li><li><img decoding=\"async\" src=\"https:\/\/www.sociales.unlz.edu.ar\/wp-content\/uploads\/2018\/11\/2-6.jpg\" alt=\"gallery-item\" \/><\/li><li><img decoding=\"async\" src=\"https:\/\/www.sociales.unlz.edu.ar\/wp-content\/uploads\/2018\/11\/1-6.jpg\" alt=\"gallery-item\" \/><\/li><\/ul><\/div>\n<p style=\"text-align: justify;\">La apertura estuvo a cargo de la secretaria de Extensi\u00f3n, Agustina Pan, cuya \u00e1rea tuvo a su cargo la organizaci\u00f3n de la actividad. \u201cEn estos encuentros buscamos que los estudiantes y los miembros de la comunidad puedan tener un espacio para escuchar nuevas perspectivas, realizar consultas y pensar a la educaci\u00f3n y al \u00e1mbito del aprendizaje desde una mirada integral\u201d, expres\u00f3 al realizar la presentaci\u00f3n.<\/p>\n<p style=\"text-align: justify;\">El primero de los espacios de disertaci\u00f3n corri\u00f3 por cuenta Oscar Porta, integrante de la Sociedad Argentina de Neurolog\u00eda, quien reflexion\u00f3 acerca de la neurociencia. En ese sentido, destac\u00f3 la importancia de debatir sobre los temas que hacen al aprendizaje en la Facultad ya que \u201cestamos viviendo una \u00e9poca en la que de alguna manera existe una hegemon\u00eda de la neurociencia y se est\u00e1 dejando de lado a las ciencias sociales y las humanidades\u201d.<\/p>\n<p style=\"text-align: justify;\">M\u00e1s tarde, Natalia Lozano expuso los avances del proyecto de investigaci\u00f3n\u00a0<strong>\u201c<\/strong>Evaluaci\u00f3n cognitiva en nivel inicial: un estudio comparativo entre jardines comunitarios y no comunitarios de Lomas de Zamora\u201d. La coordinadora del estudio estuvo acompa\u00f1ada por las\u00a0psicopedagogas Natalia Bonetti, Flavia Hidalgo, Mar\u00eda de la Paz Villanustre y Evelyn Gaitan.<\/p>\n<p style=\"text-align: justify;\">Acerca de los avances del trabajo, Lozano se\u00f1al\u00f3: \u201cPor ahora llevamos evaluados 44 ni\u00f1os y estamos felices porque es un mont\u00f3n. Pudimos pesquisar muchas dificultades\u201d, y a\u00f1adi\u00f3 que \u201ccuando son graves, los ni\u00f1os son derivados al servicio del\u00a0\u00a0SAOP, donde el mes que viene comenzaremos con un taller de estimulaci\u00f3n cognitiva, que estar\u00e1 a cargo de estudiantes avanzados supervisados por profesionales.\u201d<\/p>\n<p style=\"text-align: justify;\">Por su parte, en el tercer bloque tem\u00e1tico, docentes y directivos de la Escuela N\u00ba 36 de Moreno se refirieron a la situaci\u00f3n educativa en la Provincia y, puntualmente, acerca de las escuelas cerradas que mantiene a los chicos fuera de las aulas en ese distrito.<\/p>\n<p style=\"text-align: justify;\">Tras el break del mediod\u00eda, Nancy China disert\u00f3 sobre<strong>\u00a0<\/strong>la validez, confiabilidad y datos normativos de un test breve para la medici\u00f3n de la eficacia lectora en alumnos de escuela primaria. Al respecto, asegur\u00f3 que \u201ctenemos una educaci\u00f3n donde el nivel socioecon\u00f3mico de la escuela o centro de aprendizaje juega un papel fundamental. Un chico que tiene un nivel de entendimiento por sobre la media en un colegio p\u00fablico, queda debajo del promedio en una instituci\u00f3n privada\u201d, y coment\u00f3 que \u201cesa es una de las conclusiones que arroj\u00f3 la bater\u00eda TECLE (Prueba cognitiva para evaluar el nivel de comprensi\u00f3n lectora general)\u201d.<\/p>\n<p style=\"text-align: justify;\">El cierre de la Jornada estuvo a cargo de Claudia Bello quien comparti\u00f3 su visi\u00f3n sobre el lugar de la Direcci\u00f3n de Psicolog\u00eda en las pol\u00edticas p\u00fablicas. Con relaci\u00f3n a la tem\u00e1tica consider\u00f3 que \u201ces necesario que se pueda divulgar el conocimiento, que los expertos y estudiantes puedan contraponer sus saberes. Nosotros tenemos una conciencia como universitarios y venimos a tratar los problemas y a contribuir en los procesos para estar a la vanguardia de la materia\u201d.<\/p>\n<p style=\"text-align: justify;\">\u201cDebemos buscar la eficiencia en las evaluaciones, ser capaces de trabajar en grupo, terminar de una vez con esa idea de ir sacando a los chicos de a uno para llevarlos al gabinete a tratarlos. Usamos m\u00e9todos que tienen m\u00e1s de 40 a\u00f1os\u201d, resumi\u00f3.<\/p>\n<p><iframe width=\"1170\" height=\"658\" src=\"https:\/\/www.youtube.com\/embed\/fPBN0LTnaDw?feature=oembed\" frameborder=\"0\" allow=\"accelerometer; autoplay; encrypted-media; gyroscope; picture-in-picture\" allowfullscreen><\/iframe><\/p>\n<p><iframe width=\"1170\" height=\"658\" src=\"https:\/\/www.youtube.com\/embed\/1x3JwAipmkQ?feature=oembed\" frameborder=\"0\" allow=\"accelerometer; autoplay; encrypted-media; gyroscope; picture-in-picture\" allowfullscreen><\/iframe><\/p>\n<p><iframe width=\"1170\" height=\"658\" src=\"https:\/\/www.youtube.com\/embed\/raEg4jdhQ5E?feature=oembed\" frameborder=\"0\" allow=\"accelerometer; autoplay; encrypted-media; gyroscope; picture-in-picture\" allowfullscreen><\/iframe><\/p>\n<p><iframe width=\"1170\" height=\"658\" src=\"https:\/\/www.youtube.com\/embed\/wZmX_cw4aeE?feature=oembed\" frameborder=\"0\" allow=\"accelerometer; autoplay; encrypted-media; gyroscope; picture-in-picture\" allowfullscreen><\/iframe><\/p>\n<p><iframe width=\"1170\" height=\"658\" src=\"https:\/\/www.youtube.com\/embed\/GDJr47wrekA?feature=oembed\" frameborder=\"0\" allow=\"accelerometer; autoplay; encrypted-media; gyroscope; picture-in-picture\" allowfullscreen><\/iframe><\/p>\n<p>&nbsp;<\/p>\n","protected":false},"excerpt":{"rendered":"La apertura estuvo a cargo de la secretaria de Extensi\u00f3n, Agustina Pan, cuya \u00e1rea tuvo a...","protected":false},"author":8,"featured_media":6185,"comment_status":"open","ping_status":"open","sticky":false,"template":"","format":"standard","meta":{"footnotes":""},"categories":[135],"tags":[],"class_list":["post-4338","post","type-post","status-publish","format-standard","has-post-thumbnail","hentry","category-novedades"],"_links":{"self":[{"href":"https:\/\/www.sociales.unlz.edu.ar\/index.php\/wp-json\/wp\/v2\/posts\/4338","targetHints":{"allow":["GET"]}}],"collection":[{"href":"https:\/\/www.sociales.unlz.edu.ar\/index.php\/wp-json\/wp\/v2\/posts"}],"about":[{"href":"https:\/\/www.sociales.unlz.edu.ar\/index.php\/wp-json\/wp\/v2\/types\/post"}],"author":[{"embeddable":true,"href":"https:\/\/www.sociales.unlz.edu.ar\/index.php\/wp-json\/wp\/v2\/users\/8"}],"replies":[{"embeddable":true,"href":"https:\/\/www.sociales.unlz.edu.ar\/index.php\/wp-json\/wp\/v2\/comments?post=4338"}],"version-history":[{"count":14,"href":"https:\/\/www.sociales.unlz.edu.ar\/index.php\/wp-json\/wp\/v2\/posts\/4338\/revisions"}],"predecessor-version":[{"id":6186,"href":"https:\/\/www.sociales.unlz.edu.ar\/index.php\/wp-json\/wp\/v2\/posts\/4338\/revisions\/6186"}],"wp:featuredmedia":[{"embeddable":true,"href":"https:\/\/www.sociales.unlz.edu.ar\/index.php\/wp-json\/wp\/v2\/media\/6185"}],"wp:attachment":[{"href":"https:\/\/www.sociales.unlz.edu.ar\/index.php\/wp-json\/wp\/v2\/media?parent=4338"}],"wp:term":[{"taxonomy":"category","embeddable":true,"href":"https:\/\/www.sociales.unlz.edu.ar\/index.php\/wp-json\/wp\/v2\/categories?post=4338"},{"taxonomy":"post_tag","embeddable":true,"href":"https:\/\/www.sociales.unlz.edu.ar\/index.php\/wp-json\/wp\/v2\/tags?post=4338"}],"curies":[{"name":"wp","href":"https:\/\/api.w.org\/{rel}","templated":true}]}}