{"id":4300,"date":"2018-10-25T15:27:27","date_gmt":"2018-10-25T18:27:27","guid":{"rendered":"http:\/\/10.0.1.20\/?p=4300"},"modified":"2018-11-28T10:01:14","modified_gmt":"2018-11-28T13:01:14","slug":"saborido-dio-una-rica-charla-sobre-produccion-de-contenidos","status":"publish","type":"post","link":"https:\/\/www.sociales.unlz.edu.ar\/index.php\/2018\/10\/25\/saborido-dio-una-rica-charla-sobre-produccion-de-contenidos\/","title":{"rendered":"Saborido dio una rica charla sobre producci\u00f3n de contenidos"},"content":{"rendered":"<div class=\"clearfix mt16\"><ul class=\"carousel-one-item carousel-olw-nav slides post-slider\"><li><img decoding=\"async\" src=\"https:\/\/www.sociales.unlz.edu.ar\/wp-content\/uploads\/2018\/11\/4-14.jpg\" alt=\"gallery-item\" \/><\/li><li><img decoding=\"async\" src=\"https:\/\/www.sociales.unlz.edu.ar\/wp-content\/uploads\/2018\/11\/3-17.jpg\" alt=\"gallery-item\" \/><\/li><li><img decoding=\"async\" src=\"https:\/\/www.sociales.unlz.edu.ar\/wp-content\/uploads\/2018\/11\/2-19.jpg\" alt=\"gallery-item\" \/><\/li><li><img decoding=\"async\" src=\"https:\/\/www.sociales.unlz.edu.ar\/wp-content\/uploads\/2018\/11\/1-19.jpg\" alt=\"gallery-item\" \/><\/li><\/ul><\/div>\n<p align=\"justify\">La presentaci\u00f3n de la actividad, organizada junto con la\u00a0Agencia Universitaria de Noticias y Opini\u00f3n (AUNO),\u00a0\u00a0estuvo a cargo del director del medio, Daniel Miguez.<\/p>\n<p align=\"justify\">Tras agradecer a los presentes, Saborido record\u00f3 sus d\u00edas como estudiante de periodismo en la Facultad de Ciencias Sociales. \u201cMe emociona volver a un lugar muy querido en mi vida\u201d, afirm\u00f3 el guionista y manifest\u00f3 su deseo de transmitir a los estudiantes \u201cla misma motivaci\u00f3n\u201d que le dio nuestra casa de estudios cuando era alumno.<\/p>\n<p align=\"justify\">Luego, el creador de\u00a0\u00a0Peter Capusotto y sus videos\u00a0explic\u00f3 las claves para \u201ccrear, escribir y producir sin tantas vueltas\u201d. En ese sentido, destac\u00f3 la importancia de la \u201ctolerancia al fracaso\u201d y el \u201censayo permanente\u201d. \u201cVivimos en comunidad y hay cosas que dependen de ese ser en la comunidad. Aunque el discurso pareciera decirnos lo contrario\u201d, explic\u00f3 durante la actividad, que cont\u00f3 con la participaci\u00f3n de alumnos de las c\u00e1tedras de Periodismo Gr\u00e1fico, Introducci\u00f3n a la Redacci\u00f3n Period\u00edstica y Taller de Periodismo Gr\u00e1fico.<\/p>\n<p align=\"justify\">A modo de cierre, Miguez anunci\u00f3 que Saborido brindar\u00e1 un seminario de producci\u00f3n de contenidos durante el segundo cuatrimestre de 2018 e invit\u00f3 a los presentes a sumarse a la propuesta.<\/p>\n<p align=\"justify\">\n","protected":false},"excerpt":{"rendered":"<p>La presentaci\u00f3n de la actividad, organizada junto con la\u00a0Agencia Universitaria de Noticias y Opini\u00f3n (AUNO),\u00a0\u00a0estuvo a&#8230;<\/p>\n","protected":false},"author":8,"featured_media":6292,"comment_status":"open","ping_status":"open","sticky":false,"template":"","format":"standard","meta":{"footnotes":""},"categories":[1],"tags":[],"class_list":["post-4300","post","type-post","status-publish","format-standard","has-post-thumbnail","hentry","category-sin-categoria"],"_links":{"self":[{"href":"https:\/\/www.sociales.unlz.edu.ar\/index.php\/wp-json\/wp\/v2\/posts\/4300","targetHints":{"allow":["GET"]}}],"collection":[{"href":"https:\/\/www.sociales.unlz.edu.ar\/index.php\/wp-json\/wp\/v2\/posts"}],"about":[{"href":"https:\/\/www.sociales.unlz.edu.ar\/index.php\/wp-json\/wp\/v2\/types\/post"}],"author":[{"embeddable":true,"href":"https:\/\/www.sociales.unlz.edu.ar\/index.php\/wp-json\/wp\/v2\/users\/8"}],"replies":[{"embeddable":true,"href":"https:\/\/www.sociales.unlz.edu.ar\/index.php\/wp-json\/wp\/v2\/comments?post=4300"}],"version-history":[{"count":7,"href":"https:\/\/www.sociales.unlz.edu.ar\/index.php\/wp-json\/wp\/v2\/posts\/4300\/revisions"}],"predecessor-version":[{"id":6296,"href":"https:\/\/www.sociales.unlz.edu.ar\/index.php\/wp-json\/wp\/v2\/posts\/4300\/revisions\/6296"}],"wp:featuredmedia":[{"embeddable":true,"href":"https:\/\/www.sociales.unlz.edu.ar\/index.php\/wp-json\/wp\/v2\/media\/6292"}],"wp:attachment":[{"href":"https:\/\/www.sociales.unlz.edu.ar\/index.php\/wp-json\/wp\/v2\/media?parent=4300"}],"wp:term":[{"taxonomy":"category","embeddable":true,"href":"https:\/\/www.sociales.unlz.edu.ar\/index.php\/wp-json\/wp\/v2\/categories?post=4300"},{"taxonomy":"post_tag","embeddable":true,"href":"https:\/\/www.sociales.unlz.edu.ar\/index.php\/wp-json\/wp\/v2\/tags?post=4300"}],"curies":[{"name":"wp","href":"https:\/\/api.w.org\/{rel}","templated":true}]}}