{"id":4298,"date":"2018-10-25T15:24:18","date_gmt":"2018-10-25T18:24:18","guid":{"rendered":"http:\/\/10.0.1.20\/?p=4298"},"modified":"2018-11-28T10:13:27","modified_gmt":"2018-11-28T13:13:27","slug":"especialistas-disertaron-sobre-autismo","status":"publish","type":"post","link":"https:\/\/www.sociales.unlz.edu.ar\/index.php\/2018\/10\/25\/especialistas-disertaron-sobre-autismo\/","title":{"rendered":"Especialistas disertaron sobre Autismo"},"content":{"rendered":"<div class=\"clearfix mt16\"><ul class=\"carousel-one-item carousel-olw-nav slides post-slider\"><li><img decoding=\"async\" src=\"https:\/\/www.sociales.unlz.edu.ar\/wp-content\/uploads\/2018\/11\/4-20.jpg\" alt=\"gallery-item\" \/><\/li><li><img decoding=\"async\" src=\"https:\/\/www.sociales.unlz.edu.ar\/wp-content\/uploads\/2018\/11\/3-23.jpg\" alt=\"gallery-item\" \/><\/li><li><img decoding=\"async\" src=\"https:\/\/www.sociales.unlz.edu.ar\/wp-content\/uploads\/2018\/11\/2-25.jpg\" alt=\"gallery-item\" \/><\/li><li><img decoding=\"async\" src=\"https:\/\/www.sociales.unlz.edu.ar\/wp-content\/uploads\/2018\/11\/1-25.jpg\" alt=\"gallery-item\" \/><\/li><\/ul><\/div>\n<p>&nbsp;<\/p>\n<p style=\"text-align: justify;\">La presentaci\u00f3n de la actividad estuvo encabezada por la secretaria Florencia Salvadore, quien se\u00f1al\u00f3 que la jornada tuvo por fin \u201creforzar el conocimiento de la problem\u00e1tica\u201d con el objetivo de \u201cgarantizar una mejor perspectiva a futuro a quienes la padecen\u201d.<\/p>\n<p style=\"text-align: justify;\">El encuentro cont\u00f3 con la coordinaci\u00f3n de Viviana Casco, miembro de ONG Trastorno del Espectro Autista (TEA) de Esteban Echeverr\u00eda. Casco destac\u00f3 la importancia del \u201cdiagn\u00f3stico temprano\u201d y la \u201cconcientizaci\u00f3n de las herramientas disponibles\u201d.<\/p>\n<p style=\"text-align: justify;\">A lo largo de la charla, la terapista ocupacional Soledad Piattis abord\u00f3 las \u201cdificultades en la vida cotidiana de ni\u00f1os y adolescentes con condiciones del espectro autista\u201d; la psic\u00f3loga Natalia S\u00e1nchez expuso sobre el camino del \u201cdiagn\u00f3stico a la inclusi\u00f3n\u201d, y el coordinador del proyecto \u201cJuega Juampi!\u201d, Fernando Torres, reflexion\u00f3 sobre \u201cinclusi\u00f3n tecnol\u00f3gica\u201d.<\/p>\n<p style=\"text-align: justify;\"><img fetchpriority=\"high\" decoding=\"async\" class=\"alignnone size-full wp-image-4422\" src=\"http:\/\/10.0.1.20\/wp-content\/uploads\/2018\/10\/Austismo3.jpg\" alt=\"\" width=\"793\" height=\"525\" \/> <img decoding=\"async\" class=\"alignnone size-full wp-image-4423\" src=\"http:\/\/10.0.1.20\/wp-content\/uploads\/2018\/10\/Austismo2.jpg\" alt=\"\" width=\"793\" height=\"525\" \/><\/p>\n","protected":false},"excerpt":{"rendered":"<p>La presentaci\u00f3n de la actividad estuvo encabezada por la secretaria Florencia Salvadore, quien se\u00f1al\u00f3 que&#8230;<\/p>\n","protected":false},"author":8,"featured_media":6338,"comment_status":"open","ping_status":"open","sticky":false,"template":"","format":"gallery","meta":{"footnotes":""},"categories":[1],"tags":[],"class_list":["post-4298","post","type-post","status-publish","format-gallery","has-post-thumbnail","hentry","category-sin-categoria","post_format-post-format-gallery"],"_links":{"self":[{"href":"https:\/\/www.sociales.unlz.edu.ar\/index.php\/wp-json\/wp\/v2\/posts\/4298","targetHints":{"allow":["GET"]}}],"collection":[{"href":"https:\/\/www.sociales.unlz.edu.ar\/index.php\/wp-json\/wp\/v2\/posts"}],"about":[{"href":"https:\/\/www.sociales.unlz.edu.ar\/index.php\/wp-json\/wp\/v2\/types\/post"}],"author":[{"embeddable":true,"href":"https:\/\/www.sociales.unlz.edu.ar\/index.php\/wp-json\/wp\/v2\/users\/8"}],"replies":[{"embeddable":true,"href":"https:\/\/www.sociales.unlz.edu.ar\/index.php\/wp-json\/wp\/v2\/comments?post=4298"}],"version-history":[{"count":6,"href":"https:\/\/www.sociales.unlz.edu.ar\/index.php\/wp-json\/wp\/v2\/posts\/4298\/revisions"}],"predecessor-version":[{"id":6342,"href":"https:\/\/www.sociales.unlz.edu.ar\/index.php\/wp-json\/wp\/v2\/posts\/4298\/revisions\/6342"}],"wp:featuredmedia":[{"embeddable":true,"href":"https:\/\/www.sociales.unlz.edu.ar\/index.php\/wp-json\/wp\/v2\/media\/6338"}],"wp:attachment":[{"href":"https:\/\/www.sociales.unlz.edu.ar\/index.php\/wp-json\/wp\/v2\/media?parent=4298"}],"wp:term":[{"taxonomy":"category","embeddable":true,"href":"https:\/\/www.sociales.unlz.edu.ar\/index.php\/wp-json\/wp\/v2\/categories?post=4298"},{"taxonomy":"post_tag","embeddable":true,"href":"https:\/\/www.sociales.unlz.edu.ar\/index.php\/wp-json\/wp\/v2\/tags?post=4298"}],"curies":[{"name":"wp","href":"https:\/\/api.w.org\/{rel}","templated":true}]}}