{"id":4124,"date":"2018-08-07T16:22:12","date_gmt":"2018-08-07T19:22:12","guid":{"rendered":"http:\/\/10.0.1.20\/?p=4124"},"modified":"2018-11-28T10:16:33","modified_gmt":"2018-11-28T13:16:33","slug":"presentaron-el-documental-america-latina-unida","status":"publish","type":"post","link":"https:\/\/www.sociales.unlz.edu.ar\/index.php\/2018\/08\/07\/presentaron-el-documental-america-latina-unida\/","title":{"rendered":"Presentaron el documental Am\u00e9rica Latina Unida"},"content":{"rendered":"<div class=\"clearfix mt16\"><ul class=\"carousel-one-item carousel-olw-nav slides post-slider\"><li><img decoding=\"async\" src=\"https:\/\/www.sociales.unlz.edu.ar\/wp-content\/uploads\/2018\/11\/2-26.jpg\" alt=\"gallery-item\" \/><\/li><li><img decoding=\"async\" src=\"https:\/\/www.sociales.unlz.edu.ar\/wp-content\/uploads\/2018\/11\/1-26.jpg\" alt=\"gallery-item\" \/><\/li><\/ul><\/div>\n<p>&nbsp;<\/p>\n<p><img fetchpriority=\"high\" decoding=\"async\" class=\"size-full wp-image-4125 aligncenter\" src=\"http:\/\/10.0.1.20\/wp-content\/uploads\/2018\/08\/Latinoamericana1.jpg\" alt=\"\" width=\"789\" height=\"523\" \/><\/p>\n<p style=\"text-align: justify;\">El encuentro estuvo encabezado por el director de la c\u00e1tedra, Guillermo Batista, y cont\u00f3 con la presencia del licenciado en comercio exterior Federico D\u00e1vila.<\/p>\n<p style=\"text-align: justify;\">Tras la visualizaci\u00f3n del cortometraje, Batista se\u00f1al\u00f3 que el audiovisual tiene por fin \u201cabrir el pensamiento cr\u00edtico y la reflexi\u00f3n\u201d.<\/p>\n<p style=\"text-align: justify;\">\u201cLo que buscamos con estos trabajos es dejarles la idea de que sin organizaci\u00f3n colectiva en un pa\u00eds, o en la sumatoria de varios pa\u00edses latinoamericanos, es bastante dif\u00edcil que la redistribuci\u00f3n de la riqueza funcione para el conjunto o para la mayor\u00eda de la poblaci\u00f3n\u201d, expres\u00f3 el profesor.<\/p>\n","protected":false},"excerpt":{"rendered":"<p>El encuentro estuvo encabezado por el director de la c\u00e1tedra, Guillermo Batista, y cont\u00f3 con&#8230;<\/p>\n","protected":false},"author":7,"featured_media":6343,"comment_status":"open","ping_status":"open","sticky":false,"template":"","format":"standard","meta":{"footnotes":""},"categories":[135],"tags":[],"class_list":["post-4124","post","type-post","status-publish","format-standard","has-post-thumbnail","hentry","category-novedades"],"_links":{"self":[{"href":"https:\/\/www.sociales.unlz.edu.ar\/index.php\/wp-json\/wp\/v2\/posts\/4124","targetHints":{"allow":["GET"]}}],"collection":[{"href":"https:\/\/www.sociales.unlz.edu.ar\/index.php\/wp-json\/wp\/v2\/posts"}],"about":[{"href":"https:\/\/www.sociales.unlz.edu.ar\/index.php\/wp-json\/wp\/v2\/types\/post"}],"author":[{"embeddable":true,"href":"https:\/\/www.sociales.unlz.edu.ar\/index.php\/wp-json\/wp\/v2\/users\/7"}],"replies":[{"embeddable":true,"href":"https:\/\/www.sociales.unlz.edu.ar\/index.php\/wp-json\/wp\/v2\/comments?post=4124"}],"version-history":[{"count":5,"href":"https:\/\/www.sociales.unlz.edu.ar\/index.php\/wp-json\/wp\/v2\/posts\/4124\/revisions"}],"predecessor-version":[{"id":6345,"href":"https:\/\/www.sociales.unlz.edu.ar\/index.php\/wp-json\/wp\/v2\/posts\/4124\/revisions\/6345"}],"wp:featuredmedia":[{"embeddable":true,"href":"https:\/\/www.sociales.unlz.edu.ar\/index.php\/wp-json\/wp\/v2\/media\/6343"}],"wp:attachment":[{"href":"https:\/\/www.sociales.unlz.edu.ar\/index.php\/wp-json\/wp\/v2\/media?parent=4124"}],"wp:term":[{"taxonomy":"category","embeddable":true,"href":"https:\/\/www.sociales.unlz.edu.ar\/index.php\/wp-json\/wp\/v2\/categories?post=4124"},{"taxonomy":"post_tag","embeddable":true,"href":"https:\/\/www.sociales.unlz.edu.ar\/index.php\/wp-json\/wp\/v2\/tags?post=4124"}],"curies":[{"name":"wp","href":"https:\/\/api.w.org\/{rel}","templated":true}]}}