{"id":3930,"date":"2018-07-31T17:59:44","date_gmt":"2018-07-31T20:59:44","guid":{"rendered":"http:\/\/10.0.1.20\/?p=3930"},"modified":"2018-11-23T12:57:31","modified_gmt":"2018-11-23T15:57:31","slug":"asumio-el-nuevo-decano","status":"publish","type":"post","link":"https:\/\/www.sociales.unlz.edu.ar\/index.php\/2018\/07\/31\/asumio-el-nuevo-decano\/","title":{"rendered":"Asumi\u00f3 el nuevo Decano"},"content":{"rendered":"\n\t\t<style type=\"text\/css\">\n\t\t\t#gallery-1 {\n\t\t\t\tmargin: auto;\n\t\t\t}\n\t\t\t#gallery-1 .gallery-item {\n\t\t\t\tfloat: left;\n\t\t\t\tmargin-top: 10px;\n\t\t\t\ttext-align: center;\n\t\t\t\twidth: 33%;\n\t\t\t}\n\t\t\t#gallery-1 img {\n\t\t\t\tborder: 2px solid #cfcfcf;\n\t\t\t}\n\t\t\t#gallery-1 .gallery-caption {\n\t\t\t\tmargin-left: 0;\n\t\t\t}\n\t\t\t\/* see gallery_shortcode() in wp-includes\/media.php *\/\n\t\t<\/style>\n\t\t<div id='gallery-1' class='gallery galleryid-3930 gallery-columns-3 gallery-size-thumbnail'><dl class='gallery-item'>\n\t\t\t<dt class='gallery-icon landscape'>\n\t\t\t\t<a href='https:\/\/www.sociales.unlz.edu.ar\/index.php\/2018\/07\/31\/asumio-el-nuevo-decano\/dsc_8251b-2\/'><img decoding=\"async\" width=\"150\" height=\"99\" src=\"https:\/\/www.sociales.unlz.edu.ar\/wp-content\/uploads\/2018\/07\/DSC_8251B-1.jpg\" class=\"attachment-thumbnail size-thumbnail\" alt=\"\" \/><\/a>\n\t\t\t<\/dt><\/dl><dl class='gallery-item'>\n\t\t\t<dt class='gallery-icon landscape'>\n\t\t\t\t<a href='https:\/\/www.sociales.unlz.edu.ar\/index.php\/2018\/07\/31\/asumio-el-nuevo-decano\/dsc_8209b-2\/'><img decoding=\"async\" width=\"150\" height=\"99\" src=\"https:\/\/www.sociales.unlz.edu.ar\/wp-content\/uploads\/2018\/07\/DSC_8209B-1.jpg\" class=\"attachment-thumbnail size-thumbnail\" alt=\"\" \/><\/a>\n\t\t\t<\/dt><\/dl><dl class='gallery-item'>\n\t\t\t<dt class='gallery-icon landscape'>\n\t\t\t\t<a href='https:\/\/www.sociales.unlz.edu.ar\/index.php\/2018\/07\/31\/asumio-el-nuevo-decano\/dsc_8249b\/'><img decoding=\"async\" width=\"150\" height=\"99\" src=\"https:\/\/www.sociales.unlz.edu.ar\/wp-content\/uploads\/2018\/07\/DSC_8249B.jpg\" class=\"attachment-thumbnail size-thumbnail\" alt=\"\" \/><\/a>\n\t\t\t<\/dt><\/dl><br style=\"clear: both\" \/>\n\t\t<\/div>\n\n<p>&nbsp;<\/p>\n<p style=\"text-align: justify;\">Adem\u00e1s, adelant\u00f3 que impulsar\u00e1 un modelo de \u201cFacultad inclusiva que tenga muy presente las pol\u00edticas de retenci\u00f3n de los estudiantes, sin que eso signifique ir en detrimento de la calidad acad\u00e9mica o devaluar el t\u00edtulo de grado\u201d. En esa l\u00ednea, asegur\u00f3 que se inicia una etapa de intensa labor con objetivos claros de \u201ccorto y mediano plazo\u201d, y algunos que \u201cllevar\u00e1n un proceso de tiempo m\u00e1s amplio\u201d.<\/p>\n<p style=\"text-align: justify;\">Por otro lado, el nuevo decano expres\u00f3: \u201cQueremos trabajar muy fuerte en la categorizaci\u00f3n de investigadores y darle un gran incentivo a las l\u00edneas de transferencia\u201d, y a\u00f1adi\u00f3 su intenci\u00f3n de promover una Facultad \u201cextensionista que se atreva a trascender sus propias fronteras y se vincule con el sector productivo, con las ONG, con los gobiernos y el barrio\u201d.<\/p>\n<p style=\"text-align: justify;\">El 14 de marzo, el Consejo Acad\u00e9mico de la Facultad de Ciencias Sociales de la Universidad Nacional de Lomas de Zamora eligi\u00f3 por unanimidad al Licenciado Gustavo Na\u00f3n como decano de esa casa de estudios para el per\u00edodo 2018-2022.<\/p>\n","protected":false},"excerpt":{"rendered":"<p>Adem\u00e1s, adelant\u00f3 que impulsar\u00e1 un modelo de \u201cFacultad inclusiva que tenga muy presente las pol\u00edticas&#8230;<\/p>\n","protected":false},"author":7,"featured_media":3985,"comment_status":"open","ping_status":"closed","sticky":false,"template":"","format":"gallery","meta":{"footnotes":""},"categories":[135],"tags":[137,139,136,138,140],"class_list":["post-3930","post","type-post","status-publish","format-gallery","has-post-thumbnail","hentry","category-novedades","tag-decano","tag-facultad","tag-novedades","tag-sociales","tag-unlz","post_format-post-format-gallery"],"_links":{"self":[{"href":"https:\/\/www.sociales.unlz.edu.ar\/index.php\/wp-json\/wp\/v2\/posts\/3930","targetHints":{"allow":["GET"]}}],"collection":[{"href":"https:\/\/www.sociales.unlz.edu.ar\/index.php\/wp-json\/wp\/v2\/posts"}],"about":[{"href":"https:\/\/www.sociales.unlz.edu.ar\/index.php\/wp-json\/wp\/v2\/types\/post"}],"author":[{"embeddable":true,"href":"https:\/\/www.sociales.unlz.edu.ar\/index.php\/wp-json\/wp\/v2\/users\/7"}],"replies":[{"embeddable":true,"href":"https:\/\/www.sociales.unlz.edu.ar\/index.php\/wp-json\/wp\/v2\/comments?post=3930"}],"version-history":[{"count":21,"href":"https:\/\/www.sociales.unlz.edu.ar\/index.php\/wp-json\/wp\/v2\/posts\/3930\/revisions"}],"predecessor-version":[{"id":4818,"href":"https:\/\/www.sociales.unlz.edu.ar\/index.php\/wp-json\/wp\/v2\/posts\/3930\/revisions\/4818"}],"wp:featuredmedia":[{"embeddable":true,"href":"https:\/\/www.sociales.unlz.edu.ar\/index.php\/wp-json\/wp\/v2\/media\/3985"}],"wp:attachment":[{"href":"https:\/\/www.sociales.unlz.edu.ar\/index.php\/wp-json\/wp\/v2\/media?parent=3930"}],"wp:term":[{"taxonomy":"category","embeddable":true,"href":"https:\/\/www.sociales.unlz.edu.ar\/index.php\/wp-json\/wp\/v2\/categories?post=3930"},{"taxonomy":"post_tag","embeddable":true,"href":"https:\/\/www.sociales.unlz.edu.ar\/index.php\/wp-json\/wp\/v2\/tags?post=3930"}],"curies":[{"name":"wp","href":"https:\/\/api.w.org\/{rel}","templated":true}]}}