{"id":25200,"date":"2025-12-11T15:25:48","date_gmt":"2025-12-11T18:25:48","guid":{"rendered":"https:\/\/www.sociales.unlz.edu.ar\/?p=25200"},"modified":"2025-12-15T11:40:35","modified_gmt":"2025-12-15T14:40:35","slug":"esta-abierta-la-inscripcion-a-una-nueva-edicion-de-la-diplomatura-en-comunicacion-agropecuaria","status":"publish","type":"post","link":"https:\/\/www.sociales.unlz.edu.ar\/index.php\/2025\/12\/11\/esta-abierta-la-inscripcion-a-una-nueva-edicion-de-la-diplomatura-en-comunicacion-agropecuaria\/","title":{"rendered":"Est\u00e1 abierta la inscripci\u00f3n a una nueva edici\u00f3n de la Diplomatura en Comunicaci\u00f3n Agropecuaria"},"content":{"rendered":"<p style=\"font-weight: 400;\"><em>Est\u00e1 orientada a periodistas, comunicadores e influencers en comunicaci\u00f3n agroindustrial. El trabajo final es el dise\u00f1o y realizaci\u00f3n de un plan de comunicaci\u00f3n estrat\u00e9gico aplicable a una organizaci\u00f3n o empresa del sector. Inicia en abril del 2026.<\/em><\/p>\n<p style=\"font-weight: 400;\">Continuando con su propuesta de valor en extensi\u00f3n universitaria y formaci\u00f3n continua, la\u00a0<strong>Universidad Nacional de Lomas de Zamora (UNLZ)<\/strong>\u00a0abri\u00f3 la inscripci\u00f3n a la segunda cohorte de la\u00a0<strong>Diplomatura en Comunicaci\u00f3n Agropecuaria<\/strong>, una instancia de capacitaci\u00f3n conjunta de las\u00a0<strong>Facultades de Ciencias Sociales y Ciencias Agrarias de esa casa de estudios.<\/strong><\/p>\n<p style=\"font-weight: 400;\">La diplomatura est\u00e1 dirigida a periodistas, comunicadores, influencers y asesores en comunicaci\u00f3n agroindustrial, as\u00ed como responsables de equipos de comunicaci\u00f3n institucional y prensa o \u00e1reas afines de las empresas agropecuarias, integrantes de organizaciones rurales, de entidades de la sociedad civil relacionadas a la agroindustria y personal de organismos gubernamentales. Adem\u00e1s, a estudiantes de las carreras de comunicaci\u00f3n, periodismo y ciencias agropecuarias.<\/p>\n<p style=\"font-weight: 400;\">El objetivo de la propuesta acad\u00e9mica es formar comunicadores capaces de desarrollar estrategias eficaces y producir contenidos de valor, brindando herramientas innovadoras para dise\u00f1ar y ejecutar acciones para los diferentes actores del sector agroindustrial. Al mismo tiempo, visualizar el rol de la comunicaci\u00f3n como herramienta de gesti\u00f3n estrat\u00e9gica.<\/p>\n<p style=\"font-weight: 400;\">El plan de estudios aborda tem\u00e1ticas que van desde la\u00a0<strong>comunicaci\u00f3n institucional y estrat\u00e9gica<\/strong>\u00a0hasta las\u00a0<strong>narrativas digitales<\/strong>, el\u00a0<strong>marketing agroindustrial<\/strong>, econom\u00edas regionales y los\u00a0<strong>aspectos econ\u00f3micos, gremiales y productivos<\/strong>\u00a0del sector.<\/p>\n<p style=\"font-weight: 400;\">\u201cEl agro no solo tiene peso econ\u00f3mico: tambi\u00e9n es un actor clave en la agenda social y pol\u00edtica del pa\u00eds. Formar comunicadores capaces de comprender su complejidad y transmitirla con profesionalismo y estrategia es uno de los desaf\u00edos de esta propuesta\u201d, se\u00f1alan desde el equipo acad\u00e9mico.<\/p>\n<p style=\"font-weight: 400;\">La Coordinaci\u00f3n Acad\u00e9mica est\u00e1 a cargo de\u00a0<strong>Pablo Romano<\/strong>\u00a0por parte de la Facultad de Ciencias Sociales y\u00a0<strong>Sandra Capocchi<\/strong>, por la Facultad de Ciencias Agrarias de la UNLZ, con un cuerpo docente integrado por 15 reconocidos profesionales del \u00e1mbito agropecuario y la comunicaci\u00f3n.<\/p>\n<p style=\"font-weight: 400;\"><strong>C\u00f3mo y cu\u00e1ndo se cursa<\/strong><\/p>\n<p style=\"font-weight: 400;\">Se trata de una actividad arancelada y se dictar\u00e1 bajo\u00a0<strong>modalidad virtual sincr\u00f3nica<\/strong>, en dos m\u00f3dulos trimestrales (12 clases por m\u00f3dulo) con una carga horaria total de 100 horas c\u00e1tedra. El\u00a0<strong>inicio de clases ser\u00e1 en abril de 2026 y la\u00a0<\/strong>inscripci\u00f3n estar\u00e1 abierta hasta el 31 de marzo.<\/p>\n<p style=\"font-weight: 400;\">Se cursar\u00e1 los\u00a0<strong>jueves de 18 a 21<\/strong>\u00a0y\u00a0<strong>cuatro s\u00e1bados de 9 a 12<\/strong>. Para mantener la regularidad se requiere un 80% de asistencia a m\u00f3dulos te\u00f3ricos y para la culminaci\u00f3n de la diplomatura es necesaria la aprobaci\u00f3n de un Trabajo Final Integrador, que consiste en el\u00a0<strong>dise\u00f1o y realizaci\u00f3n de un plan de comunicaci\u00f3n estrat\u00e9gico<\/strong>\u00a0aplicable a una organizaci\u00f3n vinculada a la actividad agroalimentaria.<\/p>\n<p style=\"font-weight: 400;\">De esta manera, la UNLZ propone una formaci\u00f3n innovadora que articula el conocimiento del sector agropecuario con las herramientas de la comunicaci\u00f3n estrat\u00e9gica contempor\u00e1nea.\u00a0Una propuesta interdisciplinaria para formar comunicadores en el \u00e1mbito agroindustrial.<\/p>\n<p style=\"font-weight: 400;\"><strong>Informes e inscripci\u00f3n<\/strong><\/p>\n<p style=\"font-weight: 400;\">Completar el siguiente link:\u00a0<a href=\"https:\/\/forms.gle\/knPVNUfN5s1YDxD59\" data-saferedirecturl=\"https:\/\/www.google.com\/url?q=https:\/\/forms.gle\/knPVNUfN5s1YDxD59&amp;source=gmail&amp;ust=1765563397942000&amp;usg=AOvVaw3Zc2tS2RgZc1kU9MZDMWjI\">https:\/\/forms.gle\/knPVNUfN5s1YDxD59<\/a><\/p>\n<p style=\"font-weight: 400;\">Contactarse v\u00eda e-mail a\u00a0<strong><a href=\"mailto:infodiplomados@agrarias.unlz.edu.ar\">infodiplomados@agrarias.unlz.edu.ar<\/a><\/strong>, tambi\u00e9n a\u00a0<strong><a href=\"mailto:infodiplomatura@sociales.unlz.edu.ar\">infodiplomatura@sociales.unlz.edu.ar<\/a><\/strong>\u00a0o comunicarse al\u00a0<strong>+54 9 11 3077-1466<\/strong><\/p>\n","protected":false},"excerpt":{"rendered":"<p>Est\u00e1 orientada a periodistas, comunicadores e influencers en comunicaci\u00f3n agroindustrial. El trabajo final es el dise\u00f1o&#8230;<\/p>\n","protected":false},"author":8,"featured_media":25202,"comment_status":"open","ping_status":"open","sticky":false,"template":"","format":"standard","meta":{"footnotes":""},"categories":[135],"tags":[],"class_list":["post-25200","post","type-post","status-publish","format-standard","has-post-thumbnail","hentry","category-novedades"],"_links":{"self":[{"href":"https:\/\/www.sociales.unlz.edu.ar\/index.php\/wp-json\/wp\/v2\/posts\/25200","targetHints":{"allow":["GET"]}}],"collection":[{"href":"https:\/\/www.sociales.unlz.edu.ar\/index.php\/wp-json\/wp\/v2\/posts"}],"about":[{"href":"https:\/\/www.sociales.unlz.edu.ar\/index.php\/wp-json\/wp\/v2\/types\/post"}],"author":[{"embeddable":true,"href":"https:\/\/www.sociales.unlz.edu.ar\/index.php\/wp-json\/wp\/v2\/users\/8"}],"replies":[{"embeddable":true,"href":"https:\/\/www.sociales.unlz.edu.ar\/index.php\/wp-json\/wp\/v2\/comments?post=25200"}],"version-history":[{"count":2,"href":"https:\/\/www.sociales.unlz.edu.ar\/index.php\/wp-json\/wp\/v2\/posts\/25200\/revisions"}],"predecessor-version":[{"id":25204,"href":"https:\/\/www.sociales.unlz.edu.ar\/index.php\/wp-json\/wp\/v2\/posts\/25200\/revisions\/25204"}],"wp:featuredmedia":[{"embeddable":true,"href":"https:\/\/www.sociales.unlz.edu.ar\/index.php\/wp-json\/wp\/v2\/media\/25202"}],"wp:attachment":[{"href":"https:\/\/www.sociales.unlz.edu.ar\/index.php\/wp-json\/wp\/v2\/media?parent=25200"}],"wp:term":[{"taxonomy":"category","embeddable":true,"href":"https:\/\/www.sociales.unlz.edu.ar\/index.php\/wp-json\/wp\/v2\/categories?post=25200"},{"taxonomy":"post_tag","embeddable":true,"href":"https:\/\/www.sociales.unlz.edu.ar\/index.php\/wp-json\/wp\/v2\/tags?post=25200"}],"curies":[{"name":"wp","href":"https:\/\/api.w.org\/{rel}","templated":true}]}}