{"id":24859,"date":"2025-10-09T10:55:58","date_gmt":"2025-10-09T13:55:58","guid":{"rendered":"https:\/\/www.sociales.unlz.edu.ar\/?p=24859"},"modified":"2025-10-09T10:56:59","modified_gmt":"2025-10-09T13:56:59","slug":"se-presento-la-pelicula-gatilleros-en-sociales-en-el-marco-del-festival-internacional-de-cine-de-la-provincia-de-buenos-aires-ficpba","status":"publish","type":"post","link":"https:\/\/www.sociales.unlz.edu.ar\/index.php\/2025\/10\/09\/se-presento-la-pelicula-gatilleros-en-sociales-en-el-marco-del-festival-internacional-de-cine-de-la-provincia-de-buenos-aires-ficpba\/","title":{"rendered":"Se present\u00f3 la pel\u00edcula \u201cGatillero\u201d en Sociales en el marco del Festival Internacional de Cine de la Provincia de Buenos Aires (FICPBA)"},"content":{"rendered":"<p><span style=\"font-weight: 400;\">En contexto del Festival Internacional de Cine de la Provincia de Buenos Aires (FICPBA), la Facultad de Ciencias Sociales de la Universidad Nacional de Lomas de Zamora fue sede de la proyecci\u00f3n de \u201cGatillero\u201d, el largometraje dirigido por Cristian Tapia Marchiori. El realizador reflexion\u00f3 sobre el proceso de filmaci\u00f3n en plano secuencia, el v\u00ednculo entre cine e identidad cultural y las problem\u00e1ticas sociales que atraviesan su obra.<\/span><\/p>\n<p><span style=\"font-weight: 400;\">La actividad se realiz\u00f3 en el Auditorio Rodolfo Walsh de la casa de estudios que form\u00f3 parte de la Red de Salas de Bonaerenses y a la que asistieron alumnos y alumnas del Taller de Televisi\u00f3n, docentes y estudiantes de otras materias.<\/span><\/p>\n<p><span style=\"font-weight: 400;\">En tanto, el director del largometraje \u201cGatillero\u201d, Cristian Tapia Marchiori, asegur\u00f3 que \u201c<\/span><b>la pel\u00edcula tiene que estar agradecida porque le abran las puertas de la Facultad de Ciencias Sociales<\/b><span style=\"font-weight: 400;\"> de la Universidad Nacional de Lomas de Zamora (UNLZ)\u201d en el marco del Festival Internacional de Cine de la provincia de Buenos Aires (FICPBA) del cual la casa de estudios fue sede.<\/span><\/p>\n<p><span style=\"font-weight: 400;\">Al ser consultado por el significado de presentar el film en la Facultad de Ciencias Sociales de la UNLZ, valor\u00f3 el espacio como una oportunidad para sostener el v\u00ednculo entre el cine y la identidad cultural. <\/span><b>\u201cLas pel\u00edculas son parte de nuestra cultura, nuestra identidad, son parte de nosotros, sobre todo Gatillero, una pel\u00edcula que es tan argentina<\/b><span style=\"font-weight: 400;\">\u201d, asegur\u00f3.<\/span><\/p>\n<p><span style=\"font-weight: 400;\">Marchiori tambi\u00e9n se refiri\u00f3 a su participaci\u00f3n en el Festival Internacional de Cine de la Provincia de Buenos Aires. \u201c<\/span><b>Me parece un festival muy necesario<\/b><span style=\"font-weight: 400;\">\u201d, indic\u00f3, y agreg\u00f3 que \u201cha tomado una fuerza incre\u00edble por la gente que trabaja y por la gente que concurre\u201d. En relaci\u00f3n a la selecci\u00f3n de su obra, expres\u00f3 que esperaba poder participar del evento porque considera que \u201ces un festival muy importante\u201d.<\/span><\/p>\n<p><span style=\"font-weight: 400;\">Marchiori se\u00f1al\u00f3 que el proyecto surgi\u00f3 a partir de la necesidad de retratar un universo que le resulta cercano. \u201cUno cuenta las historias que le son afines, trata de retratar los mundos en los que camin\u00f3\u201d, afirm\u00f3.<\/span><\/p>\n<p><span style=\"font-weight: 400;\">Respecto al trasfondo de la historia, explic\u00f3 que busc\u00f3 reflejar \u201calgunas problem\u00e1ticas sociales que est\u00e1n vinculadas al universo narco y vecinos que viven en los mismos barrios\u201d.\u00a0<\/span><\/p>\n<p><span style=\"font-weight: 400;\">En ese sentido, sostuvo que \u201cnadie le pone soluci\u00f3n porque no se la pueden poner o porque deciden no pon\u00e9rsela\u201d. La trama, seg\u00fan el realizador, tambi\u00e9n aborda la \u201chistoria de redenci\u00f3n de un antih\u00e9roe\u201d que al salir de la c\u00e1rcel se enfrenta a un nuevo delito que podr\u00eda derivar en una traici\u00f3n.<\/span><\/p>\n<p><span style=\"font-weight: 400;\">\u201cEl personaje est\u00e1 inspirado en c\u00f3mo visualizo yo que hubiese sido la vida de alguien que ya no est\u00e1 en este plano, que era gatillero\u201d, explic\u00f3 Tapia Marchiori sobre la construcci\u00f3n del protagonista.<\/span><\/p>\n<p><span style=\"font-weight: 400;\">Por \u00faltimo, el director explic\u00f3 que la decisi\u00f3n de filmar en una sola toma continua respondi\u00f3 a la b\u00fasqueda de un desaf\u00edo narrativo y t\u00e9cnico. \u201cMe parec\u00eda interesante explorar la situaci\u00f3n narrativa en tiempo real\u201d, explic\u00f3, y a\u00f1adi\u00f3 que el formato le permiti\u00f3 \u201ccontar una historia que suceda en tiempo real y que nunca corte\u201d.<\/span><\/p>\n<p>&nbsp;<\/p>\n","protected":false},"excerpt":{"rendered":"<p>En contexto del Festival Internacional de Cine de la Provincia de Buenos Aires (FICPBA), la Facultad&#8230;<\/p>\n","protected":false},"author":8,"featured_media":24860,"comment_status":"open","ping_status":"open","sticky":false,"template":"","format":"standard","meta":{"footnotes":""},"categories":[135],"tags":[],"class_list":["post-24859","post","type-post","status-publish","format-standard","has-post-thumbnail","hentry","category-novedades"],"_links":{"self":[{"href":"https:\/\/www.sociales.unlz.edu.ar\/index.php\/wp-json\/wp\/v2\/posts\/24859","targetHints":{"allow":["GET"]}}],"collection":[{"href":"https:\/\/www.sociales.unlz.edu.ar\/index.php\/wp-json\/wp\/v2\/posts"}],"about":[{"href":"https:\/\/www.sociales.unlz.edu.ar\/index.php\/wp-json\/wp\/v2\/types\/post"}],"author":[{"embeddable":true,"href":"https:\/\/www.sociales.unlz.edu.ar\/index.php\/wp-json\/wp\/v2\/users\/8"}],"replies":[{"embeddable":true,"href":"https:\/\/www.sociales.unlz.edu.ar\/index.php\/wp-json\/wp\/v2\/comments?post=24859"}],"version-history":[{"count":2,"href":"https:\/\/www.sociales.unlz.edu.ar\/index.php\/wp-json\/wp\/v2\/posts\/24859\/revisions"}],"predecessor-version":[{"id":24862,"href":"https:\/\/www.sociales.unlz.edu.ar\/index.php\/wp-json\/wp\/v2\/posts\/24859\/revisions\/24862"}],"wp:featuredmedia":[{"embeddable":true,"href":"https:\/\/www.sociales.unlz.edu.ar\/index.php\/wp-json\/wp\/v2\/media\/24860"}],"wp:attachment":[{"href":"https:\/\/www.sociales.unlz.edu.ar\/index.php\/wp-json\/wp\/v2\/media?parent=24859"}],"wp:term":[{"taxonomy":"category","embeddable":true,"href":"https:\/\/www.sociales.unlz.edu.ar\/index.php\/wp-json\/wp\/v2\/categories?post=24859"},{"taxonomy":"post_tag","embeddable":true,"href":"https:\/\/www.sociales.unlz.edu.ar\/index.php\/wp-json\/wp\/v2\/tags?post=24859"}],"curies":[{"name":"wp","href":"https:\/\/api.w.org\/{rel}","templated":true}]}}