{"id":24391,"date":"2025-07-16T15:36:09","date_gmt":"2025-07-16T18:36:09","guid":{"rendered":"https:\/\/www.sociales.unlz.edu.ar\/?p=24391"},"modified":"2025-07-16T15:36:26","modified_gmt":"2025-07-16T18:36:26","slug":"sociales-abrio-la-inscripcion-al-curso-tecnicas-de-investigacion-en-comunicacion","status":"publish","type":"post","link":"https:\/\/www.sociales.unlz.edu.ar\/index.php\/2025\/07\/16\/sociales-abrio-la-inscripcion-al-curso-tecnicas-de-investigacion-en-comunicacion\/","title":{"rendered":"Sociales abri\u00f3 la inscripci\u00f3n al curso &#8220;T\u00e9cnicas de Investigaci\u00f3n en Comunicaci\u00f3n&#8221;"},"content":{"rendered":"<p><span style=\"font-weight: 400;\">La Facultad de Ciencias Sociales de la Universidad Nacional de Lomas de Zamora (UNLZ) abri\u00f3 la inscripci\u00f3n al curso &#8220;<\/span><b>T\u00e9cnicas de Investigaci\u00f3n en Comunicaci\u00f3n<\/b><span style=\"font-weight: 400;\">&#8220;, que estar\u00e1 a cargo de la Dra. Gabriela Cicalese, directora del Programa de Comunicaci\u00f3n Comunitaria y Educomunicaci\u00f3n.<\/span><\/p>\n<p><span style=\"font-weight: 400;\">La propuesta est\u00e1 dirigida a estudiantes de grado y posgrado interesados en la investigaci\u00f3n en comunicaci\u00f3n, as\u00ed como a integrantes de programas de investigaci\u00f3n de nuestra casa de estudios. El curso comenzar\u00e1 el mi\u00e9rcoles 3 de septiembre a las 18:30 y se dictar\u00e1 de forma virtual a trav\u00e9s de la plataforma Zoom.<\/span><\/p>\n<p><span style=\"font-weight: 400;\">A lo largo de seis encuentros, se abordar\u00e1n distintas t\u00e9cnicas y herramientas metodol\u00f3gicas. El primer m\u00f3dulo ser\u00e1 sobre <\/span><i><span style=\"font-weight: 400;\">observaci\u00f3n y observaci\u00f3n participante<\/span><\/i><span style=\"font-weight: 400;\"> y se realizar\u00e1 el 3 de septiembre. El 17 del mismo mes se trabajar\u00e1n los <\/span><i><span style=\"font-weight: 400;\">grupos de enfoque<\/span><\/i><span style=\"font-weight: 400;\">, mientras que el 1 de octubre ser\u00e1 el turno de las<\/span><i><span style=\"font-weight: 400;\"> entrevistas e historias de vida<\/span><\/i><span style=\"font-weight: 400;\">. El ciclo continuar\u00e1 el 15 de octubre con la tem\u00e1tica de <\/span><i><span style=\"font-weight: 400;\">encuestas<\/span><\/i><span style=\"font-weight: 400;\">, y el 29 con un encuentro sobre <\/span><i><span style=\"font-weight: 400;\">an\u00e1lisis de contenido y an\u00e1lisis semi\u00f3tico<\/span><\/i><span style=\"font-weight: 400;\">. El \u00faltimo m\u00f3dulo, previsto para el 12 de noviembre, estar\u00e1 enfocado en<\/span><i><span style=\"font-weight: 400;\"> la relaci\u00f3n entre t\u00e9cnicas y objetivos de investigaci\u00f3n<\/span><\/i><span style=\"font-weight: 400;\">.<\/span><\/p>\n<p><span style=\"font-weight: 400;\">Cada clase podr\u00e1 tomarse de manera independiente, y acreditar\u00e1 5 horas. Quienes realicen el curso completo y presenten un trabajo final recibir\u00e1n una certificaci\u00f3n de 46 horas.<\/span><\/p>\n<p><span style=\"font-weight: 400;\">La inscripci\u00f3n se encuentra abierta hasta el 28 de agosto y puede solicitarse el formulario a trav\u00e9s del siguiente enlace: <a href=\"https:\/\/forms.gle\/7VLg7tJXHUu19Nbf9\">https:\/\/forms.gle\/7VLg7tJXHUu19Nbf9<\/a><\/span><\/p>\n","protected":false},"excerpt":{"rendered":"<p>La Facultad de Ciencias Sociales de la Universidad Nacional de Lomas de Zamora (UNLZ) abri\u00f3 la&#8230;<\/p>\n","protected":false},"author":8,"featured_media":23387,"comment_status":"open","ping_status":"open","sticky":false,"template":"","format":"standard","meta":{"footnotes":""},"categories":[135,1],"tags":[],"class_list":["post-24391","post","type-post","status-publish","format-standard","has-post-thumbnail","hentry","category-novedades","category-sin-categoria"],"_links":{"self":[{"href":"https:\/\/www.sociales.unlz.edu.ar\/index.php\/wp-json\/wp\/v2\/posts\/24391","targetHints":{"allow":["GET"]}}],"collection":[{"href":"https:\/\/www.sociales.unlz.edu.ar\/index.php\/wp-json\/wp\/v2\/posts"}],"about":[{"href":"https:\/\/www.sociales.unlz.edu.ar\/index.php\/wp-json\/wp\/v2\/types\/post"}],"author":[{"embeddable":true,"href":"https:\/\/www.sociales.unlz.edu.ar\/index.php\/wp-json\/wp\/v2\/users\/8"}],"replies":[{"embeddable":true,"href":"https:\/\/www.sociales.unlz.edu.ar\/index.php\/wp-json\/wp\/v2\/comments?post=24391"}],"version-history":[{"count":1,"href":"https:\/\/www.sociales.unlz.edu.ar\/index.php\/wp-json\/wp\/v2\/posts\/24391\/revisions"}],"predecessor-version":[{"id":24392,"href":"https:\/\/www.sociales.unlz.edu.ar\/index.php\/wp-json\/wp\/v2\/posts\/24391\/revisions\/24392"}],"wp:featuredmedia":[{"embeddable":true,"href":"https:\/\/www.sociales.unlz.edu.ar\/index.php\/wp-json\/wp\/v2\/media\/23387"}],"wp:attachment":[{"href":"https:\/\/www.sociales.unlz.edu.ar\/index.php\/wp-json\/wp\/v2\/media?parent=24391"}],"wp:term":[{"taxonomy":"category","embeddable":true,"href":"https:\/\/www.sociales.unlz.edu.ar\/index.php\/wp-json\/wp\/v2\/categories?post=24391"},{"taxonomy":"post_tag","embeddable":true,"href":"https:\/\/www.sociales.unlz.edu.ar\/index.php\/wp-json\/wp\/v2\/tags?post=24391"}],"curies":[{"name":"wp","href":"https:\/\/api.w.org\/{rel}","templated":true}]}}