{"id":24387,"date":"2025-07-15T18:17:41","date_gmt":"2025-07-15T21:17:41","guid":{"rendered":"https:\/\/www.sociales.unlz.edu.ar\/?p=24387"},"modified":"2025-07-15T18:17:41","modified_gmt":"2025-07-15T21:17:41","slug":"se-viene-el-segundo-congreso-sobre-imaginarios-argentinos-e-identidad","status":"publish","type":"post","link":"https:\/\/www.sociales.unlz.edu.ar\/index.php\/2025\/07\/15\/se-viene-el-segundo-congreso-sobre-imaginarios-argentinos-e-identidad\/","title":{"rendered":"Se viene el Segundo Congreso sobre Imaginarios Argentinos e Identidad"},"content":{"rendered":"<p>La Facultad de Ciencias Sociales de la Universidad Nacional de Lomas de Zamora (UNLZ) realizar\u00e1 el 11 y 12 de septiembre el II Congreso sobre Imaginarios Argentinos e Identidad.<\/p>\n<p>La actividad invita a producir, exponer, dialogar y reflexionar sobre c\u00f3mo imaginamos el pa\u00eds, la ciudadan\u00eda y la democracia en un contexto de \u201cparticular expectativa por el momento que nos atraviesa como pa\u00eds\u201d, y despu\u00e9s de m\u00e1s de 40 a\u00f1os de democracia ininterrumpida plantea la necesidad de \u201cmirarnos\u201d y \u201cpensarnos\u201d.<\/p>\n<p>El evento est\u00e1 organizado por el proyecto Imaginarios Argentinos e Identidad, un espacio de trabajo interdisciplinario integrado por investigadores, docentes y estudiantes de distintas \u00e1reas de las Ciencias Sociales que, desde hace casi 20 a\u00f1os, estudian los imaginarios sociales vinculados a los procesos de construcci\u00f3n colectiva del \u201cnosotros\u201d.<\/p>\n<p>El congreso est\u00e1 destinado a docentes, investigadores, estudiantes, comunicadores, agentes de organismos p\u00fablicos y docentes de escuelas e institutos de formaci\u00f3n que est\u00e9n interesados en estas tem\u00e1ticas.<\/p>\n<p>Las jornadas incluir\u00e1n mesas tem\u00e1ticas, talleres, ponencias, contribuciones al debate, trabajo por comisiones, plenarios, conferencias, conversatorios y paneles. Las \u00e1reas propuestas para los aportes ser\u00e1n: sociedad, cultura, comunicaci\u00f3n, pol\u00edtica, econom\u00eda e historia.<\/p>\n<p>En las pr\u00f3ximas semanas se publicar\u00e1 la Segunda Circular con las pautas para la presentaci\u00f3n de ponencias, el cronograma de env\u00edos y detalles sobre la organizaci\u00f3n del evento.<\/p>\n<p>Por consultas deber\u00e1n escribir al siguiente correo: <strong>institucionales@sociales.unlz.edu.ar<\/strong><\/p>\n","protected":false},"excerpt":{"rendered":"<p>La Facultad de Ciencias Sociales de la Universidad Nacional de Lomas de Zamora (UNLZ) realizar\u00e1 el&#8230;<\/p>\n","protected":false},"author":8,"featured_media":24388,"comment_status":"open","ping_status":"open","sticky":false,"template":"","format":"standard","meta":{"footnotes":""},"categories":[135],"tags":[],"class_list":["post-24387","post","type-post","status-publish","format-standard","has-post-thumbnail","hentry","category-novedades"],"_links":{"self":[{"href":"https:\/\/www.sociales.unlz.edu.ar\/index.php\/wp-json\/wp\/v2\/posts\/24387","targetHints":{"allow":["GET"]}}],"collection":[{"href":"https:\/\/www.sociales.unlz.edu.ar\/index.php\/wp-json\/wp\/v2\/posts"}],"about":[{"href":"https:\/\/www.sociales.unlz.edu.ar\/index.php\/wp-json\/wp\/v2\/types\/post"}],"author":[{"embeddable":true,"href":"https:\/\/www.sociales.unlz.edu.ar\/index.php\/wp-json\/wp\/v2\/users\/8"}],"replies":[{"embeddable":true,"href":"https:\/\/www.sociales.unlz.edu.ar\/index.php\/wp-json\/wp\/v2\/comments?post=24387"}],"version-history":[{"count":1,"href":"https:\/\/www.sociales.unlz.edu.ar\/index.php\/wp-json\/wp\/v2\/posts\/24387\/revisions"}],"predecessor-version":[{"id":24389,"href":"https:\/\/www.sociales.unlz.edu.ar\/index.php\/wp-json\/wp\/v2\/posts\/24387\/revisions\/24389"}],"wp:featuredmedia":[{"embeddable":true,"href":"https:\/\/www.sociales.unlz.edu.ar\/index.php\/wp-json\/wp\/v2\/media\/24388"}],"wp:attachment":[{"href":"https:\/\/www.sociales.unlz.edu.ar\/index.php\/wp-json\/wp\/v2\/media?parent=24387"}],"wp:term":[{"taxonomy":"category","embeddable":true,"href":"https:\/\/www.sociales.unlz.edu.ar\/index.php\/wp-json\/wp\/v2\/categories?post=24387"},{"taxonomy":"post_tag","embeddable":true,"href":"https:\/\/www.sociales.unlz.edu.ar\/index.php\/wp-json\/wp\/v2\/tags?post=24387"}],"curies":[{"name":"wp","href":"https:\/\/api.w.org\/{rel}","templated":true}]}}