{"id":23061,"date":"2024-11-05T10:01:25","date_gmt":"2024-11-05T13:01:25","guid":{"rendered":"https:\/\/www.sociales.unlz.edu.ar\/?p=23061"},"modified":"2024-11-05T10:02:29","modified_gmt":"2024-11-05T13:02:29","slug":"sociales-organizo-por-primera-vez-una-jornada-de-investigacion-sobre-lengua-e-identidad-en-tiempos-de-la-posverdad","status":"publish","type":"post","link":"https:\/\/www.sociales.unlz.edu.ar\/index.php\/2024\/11\/05\/sociales-organizo-por-primera-vez-una-jornada-de-investigacion-sobre-lengua-e-identidad-en-tiempos-de-la-posverdad\/","title":{"rendered":"Sociales organiz\u00f3 por primera vez una jornada de investigaci\u00f3n sobre \u201cLengua e identidad en tiempos de la posverdad\u201d"},"content":{"rendered":"<p><span style=\"font-weight: 400;\">La Facultad de Ciencias Sociales de la Universidad Nacional de Lomas de Zamora (UNLZ) llev\u00f3 a cabo por primera vez una jornada de investigaci\u00f3n sobre \u201cLengua e identidad en tiempos de la posverdad\u201d<\/span><b>. <\/b><span style=\"font-weight: 400;\">Hecho que<\/span> <span style=\"font-weight: 400;\">celebr\u00f3 la titular del equipo de trabajo y docente de la c\u00e1tedra Psicolog\u00eda General de nuestra casa de estudios, Adriana Rozanski.<\/span><\/p>\n<p><span style=\"font-weight: 400;\">La actividad, que se realiz\u00f3 en el auditorio Rodolfo Walsh de nuestra Facultad, cont\u00f3 con la presencia de estudiantes, docentes y autoridades que colmaron el recinto.\u00a0<\/span><\/p>\n<p><span style=\"font-weight: 400;\">Por la ma\u00f1ana se llevaron adelante la siguientes mesas: \u201cNuevas modalidades de ense\u00f1anza-aprendizaje en la Facultad de Ciencias Sociales de la Universidad Nacional de Lomas de Zamora en contexto de pandemia\u201d, a cargo de los y las docentes de nuestra unidad acad\u00e9mica, Luis Stopiello, Adriana Rozanski y Marisa Osuna; \u201c\u00bfQui\u00e9n gobierna Babel?\u201d, a cargo del docente Maximiliano Fusco; \u201cModernidad Zombie\u201d, por el docente Juan Gonz\u00e1lez.<\/span><\/p>\n<p><span style=\"font-weight: 400;\">Durante la tarde se desarrollaron la siguientes mesas de exposici\u00f3n: \u201cPensamiento Latinoamericano y apropiaci\u00f3n del saber\u201d a cargo de las y los docentes Graciela Maltz, Flavia G\u00f3mez, Marisa Osuna Mariel Toscano, Diego Vel\u00e1zquez y Eduardo Urbano; \u201cConstruyendo identidad universitaria\u201d presentada por estudiantes de la C\u00e1tedra de Psicolog\u00eda General, y \u201cLengua e identidad\u201d con la participaci\u00f3n de los docentes Juan Quiroga, Guillermo Batista y Santiago Ragonesi.<\/span><\/p>\n<p><span style=\"font-weight: 400;\">El cierre estuvo a cargo del decano de nuestra casa de estudios, Gustavo Na\u00f3n, y la docente de la c\u00e1tedra Psicolog\u00eda General, Adriana Rozanski.<\/span><\/p>\n<p><span style=\"font-weight: 400;\">En el ep\u00edlogo del evento, el decano reflexion\u00f3 sobre el lugar que ocupan el sentido, el espacio p\u00fablico y el lenguaje: \u201cEl espacio p\u00fablico es el espacio de la comunicaci\u00f3n. Y al mismo tiempo, el lugar donde convergen y disputan unas minor\u00edas que ostentan determinados privilegios y los quieren mantener, y las mayor\u00edas que reclaman por sus leg\u00edtimos derechos\u201d.<\/span><\/p>\n<p><span style=\"font-weight: 400;\">\u201cEl lenguaje, se vuelve indispensable en la disputa por el sentido, que es una disputa de poder. Lamentablemente la conversaci\u00f3n p\u00fablica est\u00e1 atravesada por una verdad que se adelgaz\u00f3 frente a lo veros\u00edmil\u201d, concluy\u00f3 Na\u00f3n.\u00a0<\/span><\/p>\n<div class=\"clearfix mt16\"><ul class=\"carousel-one-item carousel-olw-nav slides post-slider\"><li><img decoding=\"async\" src=\"https:\/\/www.sociales.unlz.edu.ar\/wp-content\/uploads\/2024\/11\/145-1280x900.jpg\" alt=\"gallery-item\" \/><\/li><li><img decoding=\"async\" src=\"https:\/\/www.sociales.unlz.edu.ar\/wp-content\/uploads\/2024\/11\/146-1280x900.jpg\" alt=\"gallery-item\" \/><\/li><li><img decoding=\"async\" src=\"https:\/\/www.sociales.unlz.edu.ar\/wp-content\/uploads\/2024\/11\/147-1280x900.jpg\" alt=\"gallery-item\" \/><\/li><li><img decoding=\"async\" src=\"https:\/\/www.sociales.unlz.edu.ar\/wp-content\/uploads\/2024\/11\/148-1280x900.jpg\" alt=\"gallery-item\" \/><\/li><li><img decoding=\"async\" src=\"https:\/\/www.sociales.unlz.edu.ar\/wp-content\/uploads\/2024\/11\/149-1280x900.jpg\" alt=\"gallery-item\" \/><\/li><li><img decoding=\"async\" src=\"https:\/\/www.sociales.unlz.edu.ar\/wp-content\/uploads\/2024\/11\/150-1280x900.jpg\" alt=\"gallery-item\" \/><\/li><li><img decoding=\"async\" src=\"https:\/\/www.sociales.unlz.edu.ar\/wp-content\/uploads\/2024\/11\/151-1280x900.jpg\" alt=\"gallery-item\" \/><\/li><li><img decoding=\"async\" src=\"https:\/\/www.sociales.unlz.edu.ar\/wp-content\/uploads\/2024\/11\/152-1280x900.jpg\" alt=\"gallery-item\" \/><\/li><li><img decoding=\"async\" src=\"https:\/\/www.sociales.unlz.edu.ar\/wp-content\/uploads\/2024\/11\/153-1280x900.jpg\" alt=\"gallery-item\" \/><\/li><li><img decoding=\"async\" src=\"https:\/\/www.sociales.unlz.edu.ar\/wp-content\/uploads\/2024\/11\/154-1280x900.jpg\" alt=\"gallery-item\" \/><\/li><li><img decoding=\"async\" src=\"https:\/\/www.sociales.unlz.edu.ar\/wp-content\/uploads\/2024\/11\/155-1280x900.jpg\" alt=\"gallery-item\" \/><\/li><li><img decoding=\"async\" src=\"https:\/\/www.sociales.unlz.edu.ar\/wp-content\/uploads\/2024\/11\/156-1280x900.jpg\" alt=\"gallery-item\" \/><\/li><li><img decoding=\"async\" src=\"https:\/\/www.sociales.unlz.edu.ar\/wp-content\/uploads\/2024\/11\/157-1280x900.jpg\" alt=\"gallery-item\" \/><\/li><li><img decoding=\"async\" src=\"https:\/\/www.sociales.unlz.edu.ar\/wp-content\/uploads\/2024\/11\/158-1280x900.jpg\" alt=\"gallery-item\" \/><\/li><li><img decoding=\"async\" src=\"https:\/\/www.sociales.unlz.edu.ar\/wp-content\/uploads\/2024\/11\/159-1280x900.jpg\" alt=\"gallery-item\" \/><\/li><li><img decoding=\"async\" src=\"https:\/\/www.sociales.unlz.edu.ar\/wp-content\/uploads\/2024\/11\/160-1280x900.jpg\" alt=\"gallery-item\" \/><\/li><li><img decoding=\"async\" src=\"https:\/\/www.sociales.unlz.edu.ar\/wp-content\/uploads\/2024\/11\/161-1280x900.jpg\" alt=\"gallery-item\" \/><\/li><li><img decoding=\"async\" src=\"https:\/\/www.sociales.unlz.edu.ar\/wp-content\/uploads\/2024\/11\/162-1280x900.jpg\" alt=\"gallery-item\" \/><\/li><li><img decoding=\"async\" src=\"https:\/\/www.sociales.unlz.edu.ar\/wp-content\/uploads\/2024\/11\/Dia-del-amigo-2-1280x900.jpg\" alt=\"gallery-item\" \/><\/li><li><img decoding=\"async\" src=\"https:\/\/www.sociales.unlz.edu.ar\/wp-content\/uploads\/2024\/11\/Dia-del-amigo-3-1280x900.jpg\" alt=\"gallery-item\" \/><\/li><li><img decoding=\"async\" src=\"https:\/\/www.sociales.unlz.edu.ar\/wp-content\/uploads\/2024\/11\/Dia-del-amigo-4-1280x900.jpg\" alt=\"gallery-item\" \/><\/li><li><img decoding=\"async\" src=\"https:\/\/www.sociales.unlz.edu.ar\/wp-content\/uploads\/2024\/11\/Dia-del-amigo-5-1280x900.jpg\" alt=\"gallery-item\" \/><\/li><li><img decoding=\"async\" src=\"https:\/\/www.sociales.unlz.edu.ar\/wp-content\/uploads\/2024\/11\/Dia-del-amigo-1280x900.jpg\" alt=\"gallery-item\" \/><\/li><li><img decoding=\"async\" src=\"https:\/\/www.sociales.unlz.edu.ar\/wp-content\/uploads\/2024\/11\/136-1280x900.jpg\" alt=\"gallery-item\" \/><\/li><li><img decoding=\"async\" src=\"https:\/\/www.sociales.unlz.edu.ar\/wp-content\/uploads\/2024\/11\/137-1280x900.jpg\" alt=\"gallery-item\" \/><\/li><li><img decoding=\"async\" src=\"https:\/\/www.sociales.unlz.edu.ar\/wp-content\/uploads\/2024\/11\/138-1280x900.jpg\" alt=\"gallery-item\" \/><\/li><li><img decoding=\"async\" src=\"https:\/\/www.sociales.unlz.edu.ar\/wp-content\/uploads\/2024\/11\/139-1280x900.jpg\" alt=\"gallery-item\" \/><\/li><\/ul><\/div>\n","protected":false},"excerpt":{"rendered":"<p>La Facultad de Ciencias Sociales de la Universidad Nacional de Lomas de Zamora (UNLZ) llev\u00f3 a&#8230;<\/p>\n","protected":false},"author":8,"featured_media":23066,"comment_status":"open","ping_status":"open","sticky":false,"template":"","format":"standard","meta":{"footnotes":""},"categories":[135],"tags":[],"class_list":["post-23061","post","type-post","status-publish","format-standard","has-post-thumbnail","hentry","category-novedades"],"_links":{"self":[{"href":"https:\/\/www.sociales.unlz.edu.ar\/index.php\/wp-json\/wp\/v2\/posts\/23061","targetHints":{"allow":["GET"]}}],"collection":[{"href":"https:\/\/www.sociales.unlz.edu.ar\/index.php\/wp-json\/wp\/v2\/posts"}],"about":[{"href":"https:\/\/www.sociales.unlz.edu.ar\/index.php\/wp-json\/wp\/v2\/types\/post"}],"author":[{"embeddable":true,"href":"https:\/\/www.sociales.unlz.edu.ar\/index.php\/wp-json\/wp\/v2\/users\/8"}],"replies":[{"embeddable":true,"href":"https:\/\/www.sociales.unlz.edu.ar\/index.php\/wp-json\/wp\/v2\/comments?post=23061"}],"version-history":[{"count":2,"href":"https:\/\/www.sociales.unlz.edu.ar\/index.php\/wp-json\/wp\/v2\/posts\/23061\/revisions"}],"predecessor-version":[{"id":23090,"href":"https:\/\/www.sociales.unlz.edu.ar\/index.php\/wp-json\/wp\/v2\/posts\/23061\/revisions\/23090"}],"wp:featuredmedia":[{"embeddable":true,"href":"https:\/\/www.sociales.unlz.edu.ar\/index.php\/wp-json\/wp\/v2\/media\/23066"}],"wp:attachment":[{"href":"https:\/\/www.sociales.unlz.edu.ar\/index.php\/wp-json\/wp\/v2\/media?parent=23061"}],"wp:term":[{"taxonomy":"category","embeddable":true,"href":"https:\/\/www.sociales.unlz.edu.ar\/index.php\/wp-json\/wp\/v2\/categories?post=23061"},{"taxonomy":"post_tag","embeddable":true,"href":"https:\/\/www.sociales.unlz.edu.ar\/index.php\/wp-json\/wp\/v2\/tags?post=23061"}],"curies":[{"name":"wp","href":"https:\/\/api.w.org\/{rel}","templated":true}]}}