{"id":22659,"date":"2024-09-19T10:55:09","date_gmt":"2024-09-19T13:55:09","guid":{"rendered":"https:\/\/www.sociales.unlz.edu.ar\/?p=22659"},"modified":"2024-09-19T10:55:18","modified_gmt":"2024-09-19T13:55:18","slug":"sociales-aprobo-el-nuevo-plan-de-estudios-para-minoridad-y-familia","status":"publish","type":"post","link":"https:\/\/www.sociales.unlz.edu.ar\/index.php\/2024\/09\/19\/sociales-aprobo-el-nuevo-plan-de-estudios-para-minoridad-y-familia\/","title":{"rendered":"Sociales aprob\u00f3 el nuevo Plan de Estudios para Minoridad y Familia"},"content":{"rendered":"<p>En el marco del D\u00eda de los y las graduadas en Minoridad y Familia, el Consejo Acad\u00e9mico de la Facultad de Ciencias Sociales de la Universidad Nacional de Lomas de Zamora aprob\u00f3 ayer el nuevo Plan de Estudios de la carrera que, tras la actualizaci\u00f3n curricular, se denominar\u00e1 como Tecnicatura Universitaria en Ni\u00f1ez, Adolescencia y Familia.<\/p>\n<p>La comisi\u00f3n de revisi\u00f3n, integrada por autoridades institucionales, docentes, graduados\/as, estudiantes y el equipo del Instituto de Curr\u00edculum y Evaluaci\u00f3n (ICE), se conform\u00f3 desde principios de a\u00f1o con el objetivo de gestar la renovaci\u00f3n del Plan, y luego de reuniones de discusi\u00f3n y consulta alcanzaron el dise\u00f1o definitivo.<\/p>\n<p>Adem\u00e1s del cambio en su denominaci\u00f3n, implica una actualizaci\u00f3n en el marco epistemol\u00f3gico y en el perfil profesional, y ampl\u00eda los alcances del t\u00edtulo. Incluye nuevas asignaturas optativas, actualiza las denominaciones de las materias y modifica su formato y secuencia..<\/p>\n<p>Lo que resta por delante son pasos administrativos para su entrada en vigencia, que ser\u00e1 a partir de la aprobaci\u00f3n del Secretar\u00eda de Educaci\u00f3n. Un proceso que llevar\u00e1 tiempo pero que ser\u00e1 notificado por los canales institucionales de la unidad acad\u00e9mica.<\/p>\n<p>Estas modificaciones no provocan ning\u00fan perjuicio para quienes se encuentran cursando la carrera, ya que todas las materias ser\u00e1n reconocidas, y quienes egresen a partir de la convalidaci\u00f3n ministerial y la implementaci\u00f3n del nuevo plan recibir\u00e1n el t\u00edtulo de \u201cT\u00e9cnico\/a Universitario\/a en Ni\u00f1ez, Adolescencia y Familia\u201d.<\/p>\n","protected":false},"excerpt":{"rendered":"<p>En el marco del D\u00eda de los y las graduadas en Minoridad y Familia, el Consejo&#8230;<\/p>\n","protected":false},"author":8,"featured_media":22660,"comment_status":"open","ping_status":"open","sticky":false,"template":"","format":"standard","meta":{"footnotes":""},"categories":[135],"tags":[],"class_list":["post-22659","post","type-post","status-publish","format-standard","has-post-thumbnail","hentry","category-novedades"],"_links":{"self":[{"href":"https:\/\/www.sociales.unlz.edu.ar\/index.php\/wp-json\/wp\/v2\/posts\/22659","targetHints":{"allow":["GET"]}}],"collection":[{"href":"https:\/\/www.sociales.unlz.edu.ar\/index.php\/wp-json\/wp\/v2\/posts"}],"about":[{"href":"https:\/\/www.sociales.unlz.edu.ar\/index.php\/wp-json\/wp\/v2\/types\/post"}],"author":[{"embeddable":true,"href":"https:\/\/www.sociales.unlz.edu.ar\/index.php\/wp-json\/wp\/v2\/users\/8"}],"replies":[{"embeddable":true,"href":"https:\/\/www.sociales.unlz.edu.ar\/index.php\/wp-json\/wp\/v2\/comments?post=22659"}],"version-history":[{"count":1,"href":"https:\/\/www.sociales.unlz.edu.ar\/index.php\/wp-json\/wp\/v2\/posts\/22659\/revisions"}],"predecessor-version":[{"id":22661,"href":"https:\/\/www.sociales.unlz.edu.ar\/index.php\/wp-json\/wp\/v2\/posts\/22659\/revisions\/22661"}],"wp:featuredmedia":[{"embeddable":true,"href":"https:\/\/www.sociales.unlz.edu.ar\/index.php\/wp-json\/wp\/v2\/media\/22660"}],"wp:attachment":[{"href":"https:\/\/www.sociales.unlz.edu.ar\/index.php\/wp-json\/wp\/v2\/media?parent=22659"}],"wp:term":[{"taxonomy":"category","embeddable":true,"href":"https:\/\/www.sociales.unlz.edu.ar\/index.php\/wp-json\/wp\/v2\/categories?post=22659"},{"taxonomy":"post_tag","embeddable":true,"href":"https:\/\/www.sociales.unlz.edu.ar\/index.php\/wp-json\/wp\/v2\/tags?post=22659"}],"curies":[{"name":"wp","href":"https:\/\/api.w.org\/{rel}","templated":true}]}}