{"id":22655,"date":"2024-09-19T10:52:50","date_gmt":"2024-09-19T13:52:50","guid":{"rendered":"https:\/\/www.sociales.unlz.edu.ar\/?p=22655"},"modified":"2024-09-19T10:52:50","modified_gmt":"2024-09-19T13:52:50","slug":"en-el-dia-de-la-psicopedagogia-anunciaron-un-proyecto-de-especializacion-para-la-carrera","status":"publish","type":"post","link":"https:\/\/www.sociales.unlz.edu.ar\/index.php\/2024\/09\/19\/en-el-dia-de-la-psicopedagogia-anunciaron-un-proyecto-de-especializacion-para-la-carrera\/","title":{"rendered":"En el D\u00eda de la Psicopedagog\u00eda, anunciaron un proyecto de especializaci\u00f3n para la carrera"},"content":{"rendered":"<p>En el marco del D\u00eda de la Psicopedagog\u00eda, la Facultad de Ciencias Sociales de la Universidad Nacional de Lomas de Zamora (UNLZ) llev\u00f3 a cabo ayer el encuentro: \u201cLa hospitalidad saopiana es una cl\u00ednica de la ternura\u201d, en el cual se anticip\u00f3 que se encuentra en marcha el proyecto de una especializaci\u00f3n de Posgrado para la carrera.<\/p>\n<p>La actividad, que se realiz\u00f3 en el auditorio Rodolfo Walsh de la unidad acad\u00e9mica, estuvo encabezada por el decano de la Facultad, Gustavo Na\u00f3n, y el director del Servicio de Atenci\u00f3n y Orientaci\u00f3n Psicopedag\u00f3gica (SAOP), Oscar Amaya.<\/p>\n<p>Durante la apertura, Na\u00f3n salud\u00f3 en su D\u00eda a estudiantes y docentes presentes, y afirm\u00f3: \u201cNuestra carrera de psicopedagog\u00eda de la Facultad de Ciencias Sociales y el sello de la Universidad Nacional de Lomas de Zamora son una referencia para la profesi\u00f3n\u201d.<\/p>\n<p>Adem\u00e1s, el decano de Sociales anunci\u00f3 que desde la casa de estudios se est\u00e1 trabajando \u201cpara dar un paso m\u00e1s en la formaci\u00f3n en psicopedagog\u00eda\u201d y sostuvo que el pr\u00f3ximo escal\u00f3n es una carrera de Posgrado, una \u201cespecializaci\u00f3n en cl\u00ednica psicopedag\u00f3gica\u201d.<\/p>\n<p>En tanto, Amaya sostuvo que \u201clas ciencias sociales est\u00e1n para romper la ilusi\u00f3n de que el mundo es tal cual lo vemos y que no puede ser de otro modo\u201d, y agreg\u00f3: \u201cNos definimos como inconformistas y ut\u00f3picos porque queremos construir un mundo m\u00e1s justo, y desde la psicopedagog\u00eda queremos garantizar derechos\u201d.<\/p>\n<p>Del acto tambi\u00e9n participaron las psicopedagogas Isabel Chiaramonte, quien expuso acerca de una nueva Resoluci\u00f3n para el t\u00edtulo de psicopedagog\u00eda; Micaela Mignolo, que se refiri\u00f3 al uso de las pantallas y sus subjetividades; y Sabrina Pensado y Ver\u00f3nica Fr\u00edas, quienes analizaron y reflexionaron sobre un caso cl\u00ednico.<\/p>\n<p>El cierre estuvo a cargo de graduadas de la carrera quienes presentaron el proyecto \u201cRecijuegos\u201d que se implementar\u00e1 en el SAOP, \u00e1rea que se encarg\u00f3 de organizar el evento.<\/p>\n","protected":false},"excerpt":{"rendered":"<p>En el marco del D\u00eda de la Psicopedagog\u00eda, la Facultad de Ciencias Sociales de la Universidad&#8230;<\/p>\n","protected":false},"author":8,"featured_media":22656,"comment_status":"open","ping_status":"open","sticky":false,"template":"","format":"standard","meta":{"footnotes":""},"categories":[135],"tags":[],"class_list":["post-22655","post","type-post","status-publish","format-standard","has-post-thumbnail","hentry","category-novedades"],"_links":{"self":[{"href":"https:\/\/www.sociales.unlz.edu.ar\/index.php\/wp-json\/wp\/v2\/posts\/22655","targetHints":{"allow":["GET"]}}],"collection":[{"href":"https:\/\/www.sociales.unlz.edu.ar\/index.php\/wp-json\/wp\/v2\/posts"}],"about":[{"href":"https:\/\/www.sociales.unlz.edu.ar\/index.php\/wp-json\/wp\/v2\/types\/post"}],"author":[{"embeddable":true,"href":"https:\/\/www.sociales.unlz.edu.ar\/index.php\/wp-json\/wp\/v2\/users\/8"}],"replies":[{"embeddable":true,"href":"https:\/\/www.sociales.unlz.edu.ar\/index.php\/wp-json\/wp\/v2\/comments?post=22655"}],"version-history":[{"count":2,"href":"https:\/\/www.sociales.unlz.edu.ar\/index.php\/wp-json\/wp\/v2\/posts\/22655\/revisions"}],"predecessor-version":[{"id":22658,"href":"https:\/\/www.sociales.unlz.edu.ar\/index.php\/wp-json\/wp\/v2\/posts\/22655\/revisions\/22658"}],"wp:featuredmedia":[{"embeddable":true,"href":"https:\/\/www.sociales.unlz.edu.ar\/index.php\/wp-json\/wp\/v2\/media\/22656"}],"wp:attachment":[{"href":"https:\/\/www.sociales.unlz.edu.ar\/index.php\/wp-json\/wp\/v2\/media?parent=22655"}],"wp:term":[{"taxonomy":"category","embeddable":true,"href":"https:\/\/www.sociales.unlz.edu.ar\/index.php\/wp-json\/wp\/v2\/categories?post=22655"},{"taxonomy":"post_tag","embeddable":true,"href":"https:\/\/www.sociales.unlz.edu.ar\/index.php\/wp-json\/wp\/v2\/tags?post=22655"}],"curies":[{"name":"wp","href":"https:\/\/api.w.org\/{rel}","templated":true}]}}