{"id":22267,"date":"2024-08-16T14:57:57","date_gmt":"2024-08-16T17:57:57","guid":{"rendered":"https:\/\/www.sociales.unlz.edu.ar\/?p=22267"},"modified":"2024-08-16T14:57:57","modified_gmt":"2024-08-16T17:57:57","slug":"analizaron-actualidad-y-expectativas-de-la-oposicion-al-gobierno-de-milei","status":"publish","type":"post","link":"https:\/\/www.sociales.unlz.edu.ar\/index.php\/2024\/08\/16\/analizaron-actualidad-y-expectativas-de-la-oposicion-al-gobierno-de-milei\/","title":{"rendered":"Analizaron actualidad y expectativas de la oposici\u00f3n al gobierno de Milei"},"content":{"rendered":"<p>Con la participaci\u00f3n de especialistas en consultor\u00eda y comunicaci\u00f3n pol\u00edtica, la mesa debate \u201cLa oposici\u00f3n en el gobierno de Milei\u201d se realiz\u00f3 ayer en el aula de virtual de la Facultad de Ciencias Sociales de la Universidad Nacional de Lomas de Zamora.<\/p>\n<p>La actividad estuvo a cargo de la consultora en comunicaci\u00f3n pol\u00edtica Julieta Waisgold; el director de la consultora pol\u00edtica, social y econ\u00f3mica \u201cProyecci\u00f3n\u201d, Santiago Giorgetta; y la directora de la consultora de opini\u00f3n p\u00fablica \u201cAnalog\u00edas\u201d, Marina Acosta.<\/p>\n<p>El panel, moderado por el docente de nuestra casa de estudios Marcelo Rielo, estuvo dirigido a toda la comunidad educativa.<\/p>\n<p>Durante el debate, Waisgold subray\u00f3 que \u201cel peronismo tiene el desaf\u00edo de insertarse en la discusi\u00f3n p\u00fablica\u201d en un contexto en el que prevalece el discurso oficialista.<\/p>\n<p>Por su parte, Giorgetta asegur\u00f3 que \u201cla elecci\u00f3n legislativa la va a ganar el espacio que est\u00e9 menos disperso, m\u00e1s unido\u201d, y destac\u00f3: \u201cNos est\u00e1 dando en ca\u00edda la imagen del Gobierno por tercer mes consecutivo\u201d.<\/p>\n<p>Acosta, por \u00faltimo, identific\u00f3 a Cristina Kirchner y Axel Kicillof como los dos principales referentes del peronismo en la actualidad, y se\u00f1al\u00f3: &#8220;Hasta ahora vemos que el oficialismo, como en el caso de Alberto Fern\u00e1ndez, ha tomado el control de la agenda&#8221;.<\/p>\n<p>La actividad fue organizada por la secretar\u00eda de Investigaciones a cargo de Luz Canella Tsuji, quien estuvo presente en el evento junto a otros profesores y estudiantes de la Facultad.<\/p>\n","protected":false},"excerpt":{"rendered":"<p>Con la participaci\u00f3n de especialistas en consultor\u00eda y comunicaci\u00f3n pol\u00edtica, la mesa debate \u201cLa oposici\u00f3n en&#8230;<\/p>\n","protected":false},"author":8,"featured_media":22268,"comment_status":"open","ping_status":"open","sticky":false,"template":"","format":"standard","meta":{"footnotes":""},"categories":[135],"tags":[],"class_list":["post-22267","post","type-post","status-publish","format-standard","has-post-thumbnail","hentry","category-novedades"],"_links":{"self":[{"href":"https:\/\/www.sociales.unlz.edu.ar\/index.php\/wp-json\/wp\/v2\/posts\/22267","targetHints":{"allow":["GET"]}}],"collection":[{"href":"https:\/\/www.sociales.unlz.edu.ar\/index.php\/wp-json\/wp\/v2\/posts"}],"about":[{"href":"https:\/\/www.sociales.unlz.edu.ar\/index.php\/wp-json\/wp\/v2\/types\/post"}],"author":[{"embeddable":true,"href":"https:\/\/www.sociales.unlz.edu.ar\/index.php\/wp-json\/wp\/v2\/users\/8"}],"replies":[{"embeddable":true,"href":"https:\/\/www.sociales.unlz.edu.ar\/index.php\/wp-json\/wp\/v2\/comments?post=22267"}],"version-history":[{"count":1,"href":"https:\/\/www.sociales.unlz.edu.ar\/index.php\/wp-json\/wp\/v2\/posts\/22267\/revisions"}],"predecessor-version":[{"id":22269,"href":"https:\/\/www.sociales.unlz.edu.ar\/index.php\/wp-json\/wp\/v2\/posts\/22267\/revisions\/22269"}],"wp:featuredmedia":[{"embeddable":true,"href":"https:\/\/www.sociales.unlz.edu.ar\/index.php\/wp-json\/wp\/v2\/media\/22268"}],"wp:attachment":[{"href":"https:\/\/www.sociales.unlz.edu.ar\/index.php\/wp-json\/wp\/v2\/media?parent=22267"}],"wp:term":[{"taxonomy":"category","embeddable":true,"href":"https:\/\/www.sociales.unlz.edu.ar\/index.php\/wp-json\/wp\/v2\/categories?post=22267"},{"taxonomy":"post_tag","embeddable":true,"href":"https:\/\/www.sociales.unlz.edu.ar\/index.php\/wp-json\/wp\/v2\/tags?post=22267"}],"curies":[{"name":"wp","href":"https:\/\/api.w.org\/{rel}","templated":true}]}}