{"id":21593,"date":"2024-04-29T18:20:22","date_gmt":"2024-04-29T21:20:22","guid":{"rendered":"https:\/\/www.sociales.unlz.edu.ar\/?p=21593"},"modified":"2024-04-29T18:44:12","modified_gmt":"2024-04-29T21:44:12","slug":"un-proyecto-educativo-transmedia-de-la-facultad-resulto-ganador-en-el-festival-internacional-de-nuevas-narrativas","status":"publish","type":"post","link":"https:\/\/www.sociales.unlz.edu.ar\/index.php\/2024\/04\/29\/un-proyecto-educativo-transmedia-de-la-facultad-resulto-ganador-en-el-festival-internacional-de-nuevas-narrativas\/","title":{"rendered":"&#8220;Malvinas40&#8221; result\u00f3 ganador en un festival internacional"},"content":{"rendered":"<p>El proyecto educativo <strong>\u201cMalvinas desde el Conurbano Sur. A 40 a\u00f1os de la Guerra\u201d<\/strong> fue galardonado este viernes como mejor producci\u00f3n transmedia en el <strong>Festival Internacional de Nuevas Narrativas de No Ficci\u00f3n (FINOFF<\/strong>). La iniciativa acad\u00e9mica, nacida y gestada en la Facultad de Ciencias Sociales de la Universidad Nacional de Lomas de Zamora (UNLZ), fue una propuesta \u201ceducativa y participativa\u201d que integr\u00f3 a c\u00e1tedras, \u00e1reas institucionales y a m\u00e1s de 300 estudiantes de la casa de estudios.<\/p>\n<p>&nbsp;<\/p>\n<p>Luego de la premiaci\u00f3n, la docente e investigadora de la Facultad de Ciencias Sociales de la UNLZ y coordinadora del proyecto, Soledad Arr\u00e9guez Manozzo, agradeci\u00f3 a quienes participaron de la realizaci\u00f3n y al jurado, y destac\u00f3 la importancia que tuvo \u201cla Universidad p\u00fablica, la UNLZ y su comunidad por \u2018malvinizar\u2019 desde las aulas\u201d.<\/p>\n<p>&nbsp;<\/p>\n<p>\u201cMalvinas es todos los d\u00edas, es la historia viva en nuestros barrios\u201d, sostuvo Arreguez manozzo, y se\u00f1al\u00f3 que \u201ceste trabajo premiado es nuestro homenaje a quienes lucharon y murieron en una guerra injusta, a quienes el Estado luego abandon\u00f3, a los que resistieron y ya no est\u00e1n, a los que est\u00e1n y \u2018malvinizan\u2019 a cada paso. Es nuestro reclamo por soberan\u00eda, es nuestra convicci\u00f3n de no olvidar\u201d.<\/p>\n<p>&nbsp;<\/p>\n<p>Adem\u00e1s, consider\u00f3 que este proyecto colaborativo \u201ces un reconocimiento a la tarea, al compromiso, la producci\u00f3n de conocimiento y las pol\u00edticas de memoria que se desarrollan dentro de la Universidad p\u00fablica y, a su vez, es un modo de darnos m\u00e1s energ\u00eda\u201d.<\/p>\n<p>&nbsp;<\/p>\n<p>Con relaci\u00f3n al FINOFF 2024, la profesora explic\u00f3 que \u201cno se trata de un concurso universitario sino que es uno abierto a diferentes instituciones\u201d, y subray\u00f3 que \u201ceso da cuenta de que el trabajo en una Universidad p\u00fablica, gratuita y de calidad est\u00e1 a la altura de cualquier empresa u organizaci\u00f3n, lo hemos visto en la terna y en la premiaci\u00f3n\u201d.<\/p>\n<p>&nbsp;<\/p>\n<p>El proyecto conocido como \u201cMalvinas40\u201d compiti\u00f3 con otras cuatro iniciativas: \u201c40 a\u00f1os. Democracia. Patagonia\u201d, un trabajo conjunto de instituciones de las provincias del sur de nuestro pa\u00eds; \u201cCuerpos invisibles\u201d, un documental de Brasil sobre \u201cla borradura social de los cuerpos femeninos negros\u201d; \u201cDel miedo a la libertad. Democracia. 40 a\u00f1os\u201d, un documental realizado por La Naci\u00f3n, y \u201cSeres de Arena\u201d, documental mexicano sobre \u201cantepasados que dejaron sus huellas en las rocas de la sierra de Samalayuca\u201d.<\/p>\n<p>&nbsp;<\/p>\n<p><strong>Malvinas para las escuelas desde la mirada local<\/strong><\/p>\n<p>La propuesta Malvinas desde el Conurbano Sur. A 40 a\u00f1os de la Guerra se gest\u00f3 como un proyecto transmedia sobre la Guerra de Malvinas, \u201cdesde una mirada local, con producciones period\u00edsticas y propuestas did\u00e1cticas para su articulaci\u00f3n con instituciones educativas de Lomas de Zamora, Lan\u00fas, Almirante Brown y Esteban Echeverr\u00eda\u201d, seg\u00fan la descripci\u00f3n de su sitio oficial.<\/p>\n<p>&nbsp;<\/p>\n<p>Es un trabajo \u201cenmarcado en el campo de la educomunicaci\u00f3n\u201d que puso foco en \u201ctestimonios de ex combatientes de Malvinas de la zona sur del Conurbano para la elaboraci\u00f3n de materiales y propuestas para el abordaje de la tem\u00e1tica en el aula\u201d.<\/p>\n<p>&nbsp;<\/p>\n<p>En la web de la iniciativa se puede encontrar el material dividido en cuatro l\u00edneas de trabajo: cultura, identidad, g\u00e9nero y medios. Contiene tambi\u00e9n propuestas de trabajo para las aulas, recursos educativos y una comunidad interactiva de aprendizaje. Adem\u00e1s, el blog se mantiene actualizado con las noticias m\u00e1s recientes sobre la tem\u00e1tica.<\/p>\n<p>&nbsp;<\/p>\n<p><strong>\u00bfQu\u00e9 es el FINOFF?<\/strong><\/p>\n<p>El Festival Internacional de Nuevas Narrativas de No Ficci\u00f3n (FINOFF) es, desde 2020, el primero en premiar \u201cproyectos narrativos innovadores\u201d, en las que integran producciones period\u00edsticas, documentales y educativas de todo el mundo.<\/p>\n<p>&nbsp;<\/p>\n<p>En esta edici\u00f3n, las categor\u00edas fueron documental interactivo (iDoc), serie web, transmedia, realidad virtual y podcast, y se entregaron menciones especiales para trabajos destacados en \u201cDerechos Humanos\u201d, \u201cIgualdad de g\u00e9nero y Ciencia\u201d y \u201cTecnolog\u00eda y medio ambiente\u201d.<\/p>\n<p>&nbsp;<\/p>\n<p>La gala es organizada por la escuela de Comunicaci\u00f3n Social de la Facultad de Ciencia Pol\u00edtica y Relaciones Internacionales de la Universidad Nacional de Rosario (UNR), el equipo de la direcci\u00f3n de Comunicaci\u00f3n Multimedial de la UNR, junto a la Maestr\u00eda en Comunicaci\u00f3n Digital Interactiva de la UNR, la C\u00e1tedra Latinoamericana de Narrativas Transmedia y el Centro Cultural Parque de Espa\u00f1a de Rosario.<\/p>\n","protected":false},"excerpt":{"rendered":"<p>El proyecto educativo \u201cMalvinas desde el Conurbano Sur. A 40 a\u00f1os de la Guerra\u201d fue galardonado&#8230;<\/p>\n","protected":false},"author":8,"featured_media":21594,"comment_status":"open","ping_status":"open","sticky":false,"template":"","format":"standard","meta":{"footnotes":""},"categories":[135],"tags":[],"class_list":["post-21593","post","type-post","status-publish","format-standard","has-post-thumbnail","hentry","category-novedades"],"_links":{"self":[{"href":"https:\/\/www.sociales.unlz.edu.ar\/index.php\/wp-json\/wp\/v2\/posts\/21593","targetHints":{"allow":["GET"]}}],"collection":[{"href":"https:\/\/www.sociales.unlz.edu.ar\/index.php\/wp-json\/wp\/v2\/posts"}],"about":[{"href":"https:\/\/www.sociales.unlz.edu.ar\/index.php\/wp-json\/wp\/v2\/types\/post"}],"author":[{"embeddable":true,"href":"https:\/\/www.sociales.unlz.edu.ar\/index.php\/wp-json\/wp\/v2\/users\/8"}],"replies":[{"embeddable":true,"href":"https:\/\/www.sociales.unlz.edu.ar\/index.php\/wp-json\/wp\/v2\/comments?post=21593"}],"version-history":[{"count":3,"href":"https:\/\/www.sociales.unlz.edu.ar\/index.php\/wp-json\/wp\/v2\/posts\/21593\/revisions"}],"predecessor-version":[{"id":21597,"href":"https:\/\/www.sociales.unlz.edu.ar\/index.php\/wp-json\/wp\/v2\/posts\/21593\/revisions\/21597"}],"wp:featuredmedia":[{"embeddable":true,"href":"https:\/\/www.sociales.unlz.edu.ar\/index.php\/wp-json\/wp\/v2\/media\/21594"}],"wp:attachment":[{"href":"https:\/\/www.sociales.unlz.edu.ar\/index.php\/wp-json\/wp\/v2\/media?parent=21593"}],"wp:term":[{"taxonomy":"category","embeddable":true,"href":"https:\/\/www.sociales.unlz.edu.ar\/index.php\/wp-json\/wp\/v2\/categories?post=21593"},{"taxonomy":"post_tag","embeddable":true,"href":"https:\/\/www.sociales.unlz.edu.ar\/index.php\/wp-json\/wp\/v2\/tags?post=21593"}],"curies":[{"name":"wp","href":"https:\/\/api.w.org\/{rel}","templated":true}]}}