{"id":21564,"date":"2024-04-15T15:44:40","date_gmt":"2024-04-15T18:44:40","guid":{"rendered":"https:\/\/www.sociales.unlz.edu.ar\/?p=21564"},"modified":"2024-04-15T15:44:40","modified_gmt":"2024-04-15T18:44:40","slug":"se-lanzo-la-radio-en-la-escuela-en-lomas-de-zamora","status":"publish","type":"post","link":"https:\/\/www.sociales.unlz.edu.ar\/index.php\/2024\/04\/15\/se-lanzo-la-radio-en-la-escuela-en-lomas-de-zamora\/","title":{"rendered":"Se lanz\u00f3 la Radio en la Escuela en Lomas de Zamora"},"content":{"rendered":"<p><span style=\"font-weight: 400;\">La Facultad de Ciencias Sociales de la Universidad Nacional de Lomas de Zamora (UNLZ) present\u00f3 la dieciseisava edici\u00f3n del programa de Extensi\u00f3n \u201cLa Radio en la Escuela\u201d en Lomas de Zamora.<\/span><\/p>\n<p><span style=\"font-weight: 400;\">El encuentro tuvo lugar en el Aula D de nuestra casa de estudios y cont\u00f3 con una amplia participaci\u00f3n de docentes y autoridades de la regi\u00f3n. Durante la apertura, nuestro decano, Gustavo Na\u00f3n, sostuvo que \u201cen un contexto donde el discurso de odio se sobrepone ante todo, donde se grita mucho y se escucha poco, <\/span><b>es fundamental recobrar los valores de la radio<\/b><span style=\"font-weight: 400;\"> para librar esta batalla cultural\u201d.<\/span><\/p>\n<p><span style=\"font-weight: 400;\">Adem\u00e1s, a d\u00edas de la movilizaci\u00f3n en defensa del sistema universitario p\u00fablico argentino, a\u00f1adi\u00f3 que este es un a\u00f1o \u201cmuy delicado\u201d y asegur\u00f3 que \u201cla palabra ajuste se queda corta\u201d. En relaci\u00f3n a esto, ampli\u00f3:\u00a0 \u201c<\/span><b>El acto m\u00e1s puro de resistencia es tener nuestras aulas llenas<\/b><span style=\"font-weight: 400;\">, nuestros auditorios colmados, y sosteniendo nuestros programas de Extensi\u00f3n con el mismo compromiso de siempre\u201d.<\/span><\/p>\n<p><span style=\"font-weight: 400;\">Por su parte, la secretaria de Extensi\u00f3n de nuestra Facultad, Agustina Pan, agreg\u00f3: \u201cBuscamos mantener estos espacios abiertos para vincularnos constantemente con nuestra comunidad\u201d. Asimismo, resalt\u00f3 que \u201c<\/span><b>quienes se suman a la Radio en la Escuela son un espacio fundamental para que la Universidad sea parte de la vida cotidiana de las y los j\u00f3venes<\/b><span style=\"font-weight: 400;\">&#8220;<\/span><\/p>\n<p><span style=\"font-weight: 400;\">Emilio \u201cBeto\u201d Solas, director del programa \u201cLa Radio en la Escuela\u201d y titular de las c\u00e1tedras de Radio de nuestra Facultad, afirm\u00f3: \u201c<\/span><b>Ya<\/b> <b>son 16 a\u00f1os de pensar este programa como una posibilidad de mejorarnos<\/b><span style=\"font-weight: 400;\">. Juntos podemos ser invencibles en el proyecto de pensar un Lomas de Zamora distinto a nivel de educaci\u00f3n\u201d.<\/span><\/p>\n<p><span style=\"font-weight: 400;\">En tanto, Karina Flores, subdirectora de Gesti\u00f3n Institucional del Nivel Primario de la Provincia de Buenos Aires, asegur\u00f3 que &#8220;este programa tiene que ver con lo que nos pasa, con los sujetos de derecho\u201d y destac\u00f3: \u201cHabla de la posibilidad de un Estado presente y escuchando: <\/span><b>hay que saber que existe un espacio ac\u00e1 para que esto sea parte en cada una de nuestras aulas<\/b><span style=\"font-weight: 400;\">\u201d.\u00a0<\/span><\/p>\n<p><span style=\"font-weight: 400;\">Tambi\u00e9n participaron Cristina Olid y Daniela Melvern, coordinadoras del programa, y autoridades educativas de la regi\u00f3n.<\/span><\/p>\n<div class=\"clearfix mt16\"><ul class=\"carousel-one-item carousel-olw-nav slides post-slider\"><li><img decoding=\"async\" src=\"https:\/\/www.sociales.unlz.edu.ar\/wp-content\/uploads\/2024\/04\/1-1280x900.jpg\" alt=\"gallery-item\" \/><\/li><li><img decoding=\"async\" src=\"https:\/\/www.sociales.unlz.edu.ar\/wp-content\/uploads\/2024\/04\/3-1280x900.jpg\" alt=\"gallery-item\" \/><\/li><li><img decoding=\"async\" src=\"https:\/\/www.sociales.unlz.edu.ar\/wp-content\/uploads\/2024\/04\/4-1280x900.jpg\" alt=\"gallery-item\" \/><\/li><li><img decoding=\"async\" src=\"https:\/\/www.sociales.unlz.edu.ar\/wp-content\/uploads\/2024\/04\/5-1280x900.jpg\" alt=\"gallery-item\" \/><\/li><li><img decoding=\"async\" src=\"https:\/\/www.sociales.unlz.edu.ar\/wp-content\/uploads\/2024\/04\/6-1280x900.jpg\" alt=\"gallery-item\" \/><\/li><li><img decoding=\"async\" src=\"https:\/\/www.sociales.unlz.edu.ar\/wp-content\/uploads\/2024\/04\/7-1280x900.jpg\" alt=\"gallery-item\" \/><\/li><li><img decoding=\"async\" src=\"https:\/\/www.sociales.unlz.edu.ar\/wp-content\/uploads\/2024\/04\/8-1280x900.jpg\" alt=\"gallery-item\" \/><\/li><\/ul><\/div>\n","protected":false},"excerpt":{"rendered":"<p>La Facultad de Ciencias Sociales de la Universidad Nacional de Lomas de Zamora (UNLZ) present\u00f3 la&#8230;<\/p>\n","protected":false},"author":8,"featured_media":21565,"comment_status":"open","ping_status":"open","sticky":false,"template":"","format":"standard","meta":{"footnotes":""},"categories":[135],"tags":[],"class_list":["post-21564","post","type-post","status-publish","format-standard","has-post-thumbnail","hentry","category-novedades"],"_links":{"self":[{"href":"https:\/\/www.sociales.unlz.edu.ar\/index.php\/wp-json\/wp\/v2\/posts\/21564","targetHints":{"allow":["GET"]}}],"collection":[{"href":"https:\/\/www.sociales.unlz.edu.ar\/index.php\/wp-json\/wp\/v2\/posts"}],"about":[{"href":"https:\/\/www.sociales.unlz.edu.ar\/index.php\/wp-json\/wp\/v2\/types\/post"}],"author":[{"embeddable":true,"href":"https:\/\/www.sociales.unlz.edu.ar\/index.php\/wp-json\/wp\/v2\/users\/8"}],"replies":[{"embeddable":true,"href":"https:\/\/www.sociales.unlz.edu.ar\/index.php\/wp-json\/wp\/v2\/comments?post=21564"}],"version-history":[{"count":1,"href":"https:\/\/www.sociales.unlz.edu.ar\/index.php\/wp-json\/wp\/v2\/posts\/21564\/revisions"}],"predecessor-version":[{"id":21573,"href":"https:\/\/www.sociales.unlz.edu.ar\/index.php\/wp-json\/wp\/v2\/posts\/21564\/revisions\/21573"}],"wp:featuredmedia":[{"embeddable":true,"href":"https:\/\/www.sociales.unlz.edu.ar\/index.php\/wp-json\/wp\/v2\/media\/21565"}],"wp:attachment":[{"href":"https:\/\/www.sociales.unlz.edu.ar\/index.php\/wp-json\/wp\/v2\/media?parent=21564"}],"wp:term":[{"taxonomy":"category","embeddable":true,"href":"https:\/\/www.sociales.unlz.edu.ar\/index.php\/wp-json\/wp\/v2\/categories?post=21564"},{"taxonomy":"post_tag","embeddable":true,"href":"https:\/\/www.sociales.unlz.edu.ar\/index.php\/wp-json\/wp\/v2\/tags?post=21564"}],"curies":[{"name":"wp","href":"https:\/\/api.w.org\/{rel}","templated":true}]}}