{"id":21018,"date":"2023-12-27T13:15:18","date_gmt":"2023-12-27T16:15:18","guid":{"rendered":"https:\/\/www.sociales.unlz.edu.ar\/?p=21018"},"modified":"2023-12-27T14:54:45","modified_gmt":"2023-12-27T17:54:45","slug":"la-radio-en-la-escuela-finalizo-su-ciclo-2023-en-lomas-de-zamora-almirante-brown-y-san-vicente","status":"publish","type":"post","link":"https:\/\/www.sociales.unlz.edu.ar\/index.php\/2023\/12\/27\/la-radio-en-la-escuela-finalizo-su-ciclo-2023-en-lomas-de-zamora-almirante-brown-y-san-vicente\/","title":{"rendered":"La Radio en la Escuela finaliz\u00f3 su ciclo 2023 en Lomas, Brown y San Vicente"},"content":{"rendered":"<p><span style=\"font-weight: 400;\">La Radio en la Escuela, programa de extensi\u00f3n universitaria de la Facultad de Ciencias Sociales, finaliz\u00f3 el ciclo 2023 en Lomas de Zamora, Almirante Brown y San Vicente y realiz\u00f3 las respectivas entregas de certificados.\u00a0<\/span><\/p>\n<p><span style=\"font-weight: 400;\">\u201c<\/span><b>Somos una instituci\u00f3n que se vincula con su territorio, que forma profesionales comprometidos con su comunidad<\/b><span style=\"font-weight: 400;\">, y de eso tambi\u00e9n se trata La Radio en la Escuela\u201d, afirm\u00f3 el decano de la unidad acad\u00e9mica, Gustavo Na\u00f3n, al presidir una de las ceremonias de finalizaci\u00f3n de a\u00f1o.<\/span><\/p>\n<p><span style=\"font-weight: 400;\">Por su parte, el director del programa y titular de las c\u00e1tedras de Radio en nuestra casa de estudios, Emilio \u201cBeto\u201d Solas, asegur\u00f3 que \u201ccada uno de los presentes\u201d motiv\u00f3 \u201ca seguir, a modificar cosas\u201d.\u00a0<\/span><\/p>\n<p><span style=\"font-weight: 400;\">\u201cLa experiencia de haber venido con los pibes a la Facultad fue motivo de celebraci\u00f3n. El poder juntarnos, articular. <\/span><b>Seguiremos trabajando para que la Facultad est\u00e9 en los barrios<\/b><span style=\"font-weight: 400;\">&#8220;, concluy\u00f3 el docente.<\/span><\/p>\n<p>&nbsp;<\/p>\n<p><b>Almirante Brown<\/b><\/p>\n<p><span style=\"font-weight: 400;\">En primer t\u00e9rmino, tuvo lugar el acto de cierre en Almirante Brown, que fue presidido por Na\u00f3n, el intendente Mariano Cascallares, la secretaria de Extensi\u00f3n Agustina Pan y Solas Solas.<\/span><\/p>\n<p><span style=\"font-weight: 400;\">Cascallares sostuvo: \u201cseguimos trabajando de manera articulada con toda la UNLZ y la Facultad con este programa que a\u00f1o a a\u00f1o va mejorando. <\/span><b>Estamos comprometidos con la educaci\u00f3n p\u00fablica y con darles valor agregado a nuestros pibes<\/b><span style=\"font-weight: 400;\">\u201d.<\/span><\/p>\n<p><span style=\"font-weight: 400;\">En aquella ocasi\u00f3n, Na\u00f3n afirm\u00f3 que \u201ca\u00f1o a a\u00f1o\u201d se busca \u201cmejorar este programa que es emblem\u00e1tico\u201d y destac\u00f3 que, desde nuestra Facultad, \u201c<\/span><b>defendemos la palabra y la comunicaci\u00f3n para promover el consenso y el di\u00e1logo en el disenso<\/b><span style=\"font-weight: 400;\">\u201d.<\/span><\/p>\n<p><span style=\"font-weight: 400;\">Adem\u00e1s participaron, el jefe comunal interino, Juan Fabiani; el secretario de Educaci\u00f3n, Ciencia y Tecnolog\u00eda del distrito, Sergio Pianciola; la jefa distrital, Mar\u00eda In\u00e9s Centuri\u00f3n y la subsecretaria de Educaci\u00f3n, Paula Falcon.<\/span><\/p>\n<p>&nbsp;<\/p>\n<p><b>San Vicente<\/b><\/p>\n<p><span style=\"font-weight: 400;\">En tanto, el municipio de San Vicente se despidi\u00f3 este a\u00f1o del programa de \u201cLa Radio en la Escuela\u201d en el Centro Universitario del distrito. El acto -en el que entregaron los certificados- fue encabezado por las secretarias de Extensi\u00f3n de nuestra Facultad, Agustina Pan, y de Educaci\u00f3n del Municipio de San Vicente; el docente titular de las C\u00e1tedras de Radio, Beto Solas; Eleonora V\u00e1zquez, y la inspectora de la modalidad de Educaci\u00f3n para Adultos, Sandra Tort.\u00a0<\/span><\/p>\n<p><span style=\"font-weight: 400;\">Adem\u00e1s, se entregaron los certificados del curso &#8220;Desaf\u00edos en la planificaci\u00f3n de la ense\u00f1anza&#8221;, un programa de articulaci\u00f3n entre la Facultad de Ciencias Sociales de la Universidad Nacional de Lomas de Zamora y el municipio de San Vicente.<\/span><\/p>\n","protected":false},"excerpt":{"rendered":"<p>La Radio en la Escuela, programa de extensi\u00f3n universitaria de la Facultad de Ciencias Sociales, finaliz\u00f3&#8230;<\/p>\n","protected":false},"author":8,"featured_media":21020,"comment_status":"open","ping_status":"open","sticky":false,"template":"","format":"standard","meta":{"footnotes":""},"categories":[135],"tags":[],"class_list":["post-21018","post","type-post","status-publish","format-standard","has-post-thumbnail","hentry","category-novedades"],"_links":{"self":[{"href":"https:\/\/www.sociales.unlz.edu.ar\/index.php\/wp-json\/wp\/v2\/posts\/21018","targetHints":{"allow":["GET"]}}],"collection":[{"href":"https:\/\/www.sociales.unlz.edu.ar\/index.php\/wp-json\/wp\/v2\/posts"}],"about":[{"href":"https:\/\/www.sociales.unlz.edu.ar\/index.php\/wp-json\/wp\/v2\/types\/post"}],"author":[{"embeddable":true,"href":"https:\/\/www.sociales.unlz.edu.ar\/index.php\/wp-json\/wp\/v2\/users\/8"}],"replies":[{"embeddable":true,"href":"https:\/\/www.sociales.unlz.edu.ar\/index.php\/wp-json\/wp\/v2\/comments?post=21018"}],"version-history":[{"count":5,"href":"https:\/\/www.sociales.unlz.edu.ar\/index.php\/wp-json\/wp\/v2\/posts\/21018\/revisions"}],"predecessor-version":[{"id":21025,"href":"https:\/\/www.sociales.unlz.edu.ar\/index.php\/wp-json\/wp\/v2\/posts\/21018\/revisions\/21025"}],"wp:featuredmedia":[{"embeddable":true,"href":"https:\/\/www.sociales.unlz.edu.ar\/index.php\/wp-json\/wp\/v2\/media\/21020"}],"wp:attachment":[{"href":"https:\/\/www.sociales.unlz.edu.ar\/index.php\/wp-json\/wp\/v2\/media?parent=21018"}],"wp:term":[{"taxonomy":"category","embeddable":true,"href":"https:\/\/www.sociales.unlz.edu.ar\/index.php\/wp-json\/wp\/v2\/categories?post=21018"},{"taxonomy":"post_tag","embeddable":true,"href":"https:\/\/www.sociales.unlz.edu.ar\/index.php\/wp-json\/wp\/v2\/tags?post=21018"}],"curies":[{"name":"wp","href":"https:\/\/api.w.org\/{rel}","templated":true}]}}