{"id":20215,"date":"2023-09-18T14:47:19","date_gmt":"2023-09-18T17:47:19","guid":{"rendered":"https:\/\/www.sociales.unlz.edu.ar\/?p=20215"},"modified":"2023-09-25T14:09:09","modified_gmt":"2023-09-25T17:09:09","slug":"sociales-llevo-a-cabo-el-primer-congreso-sobre-imaginarios-argentinos-e-identidad","status":"publish","type":"post","link":"https:\/\/www.sociales.unlz.edu.ar\/index.php\/2023\/09\/18\/sociales-llevo-a-cabo-el-primer-congreso-sobre-imaginarios-argentinos-e-identidad\/","title":{"rendered":"Sociales llev\u00f3 a cabo el primer congreso sobre imaginarios argentinos e identidad"},"content":{"rendered":"<p>La Facultad de Ciencias Sociales de la Universidad Nacional de Lomas de Zamora realiz\u00f3 el primer congreso sobre imaginarios argentinos e identidad en el que docentes, estudiantes e investigadores reflexionaron acerca de \u201c<strong>los desaf\u00edos que giran en torno a lo argentino<\/strong>\u201d.<\/p>\n<p>La actividad -que tuvo lugar el 14 y el 15 de septiembre en las aulas magnas y en el auditorio R. Walsh- cont\u00f3 con la apertura del docente e investigador de nuestra casa de estudios, Eduardo Urbano, y el secretario general de la Asociaci\u00f3n de Docentes e Investigadores de la Universidad Nacional de Lomas de Zamora (ADIULZA), Miguel Briscas.<\/p>\n<p>Urbano sostuvo que \u201cquienes hablan de realizaciones individuales no tienen en cuenta la importancia de la producci\u00f3n cient\u00edfica\u201d y, en este sentido, se\u00f1al\u00f3 que \u201c<strong>no hay pa\u00eds que se pueda desarrollar sin la producci\u00f3n de conocimiento cient\u00edfico-t\u00e9cnico<\/strong>\u201d.<\/p>\n<p>En sinton\u00eda y a 40 a\u00f1os de la restauraci\u00f3n de la democracia en nuestro pa\u00eds, Briscas sostuvo que \u201c<strong>hay que defender el sistema de universidades p\u00fablicas, inclusivas y de calidad<\/strong>\u201d.<\/p>\n<p>En el primer espacio de disertaciones, con el eje tem\u00e1tico acerca del f\u00fatbol e imaginarios argentinos, el ex subsecretario de deportes de la naci\u00f3n, Victor Lupo, asegur\u00f3 que esta disciplina \u201cprendi\u00f3\u201d en nuestro pa\u00eds porque \u201c<strong>los clubes son lugares de encuentro y de identidad<\/strong>\u201d y a\u00f1adi\u00f3 que \u201cel deporte es parte de esa uni\u00f3n\u201d.<\/p>\n<p>Por su parte, en la segunda charla de la jornada,Emilio \u201cBeto\u201d Solas, docente de las c\u00e1tedras de radio de nuestra instituci\u00f3n, afirm\u00f3 que \u201cla radio se reinvent\u00f3 y sobrevivi\u00f3, se adapt\u00f3 a todo\u201d, y explic\u00f3 que en este lenguaje \u201csiempre hay palabras, siempre hay m\u00fasica y siempre hay silencios\u201d.<\/p>\n<p>El ep\u00edlogo de la primera jornada estuvo a cargo Franco Lavolpe y Arturo Bruzzoni, docentes de Relaciones Internacionales en nuestra Facultad de Ciencias Sociales.<\/p>\n<p>Lavolpe expres\u00f3 que \u201cestamos transitando un cambio dram\u00e1tico en t\u00e9rminos de posicionamientos internacionales\u201d. Por su parte, Bruzzoni sostuvo que, tras la Segunda Guerra Mundial y respecto del derecho internacional, se empez\u00f3 a \u201ccontemplar no s\u00f3lo la autodeterminaci\u00f3n de los pueblos, sino tambi\u00e9n el respeto por su historia y su cultura\u201d.<\/p>\n<p>En el segundo d\u00eda de la actividad, la apertura estuvo a cargo del actor y humorista Pablo Cordonet, quien expres\u00f3: \u201cSoy de Banfield y <strong>empec\u00e9 a trabajar desde la premisa del humor cotidiano en el contexto conurbano porque eso determina m\u00ed identidad<\/strong>\u201d.<\/p>\n<p>En tanto, la conferencia de cierre estuvo a cargo de Jorge Benedetti y Carlos Quiroga. Durante ambas jornadas se realizaron mesas de trabajo -de la que participaron docentes, estudiantes e investigadores- en las que se presentaron ponencias alrededor de los ejes: imaginarios de sentido com\u00fan argentino; Argentina \u201cGranero del Mundo\u201d; cr\u00edmenes de lesa humanidad; subjetividades y ciudadan\u00edas argentinas; colonialidad y curr\u00edculum; universidad e historia, <a href=\"https:\/\/www.sociales.unlz.edu.ar\/index.php\/1-congreso-sobre-imaginarios-argentinos-e-identidad-programa-de-actividades\/\">entre otros<\/a>.<\/p>\n<p>Reviv\u00ed el Congreso <a href=\"https:\/\/www.youtube.com\/@UNLZSociales\/videos\">aqu\u00ed<\/a><\/p>\n<div class=\"clearfix mt16\"><ul class=\"carousel-one-item carousel-olw-nav slides post-slider\"><li><img decoding=\"async\" src=\"https:\/\/www.sociales.unlz.edu.ar\/wp-content\/uploads\/2023\/09\/1.png\" alt=\"gallery-item\" \/><\/li><li><img decoding=\"async\" src=\"https:\/\/www.sociales.unlz.edu.ar\/wp-content\/uploads\/2023\/09\/2.png\" alt=\"gallery-item\" \/><\/li><li><img decoding=\"async\" src=\"https:\/\/www.sociales.unlz.edu.ar\/wp-content\/uploads\/2023\/09\/3.png\" alt=\"gallery-item\" \/><\/li><li><img decoding=\"async\" src=\"https:\/\/www.sociales.unlz.edu.ar\/wp-content\/uploads\/2023\/09\/4.png\" alt=\"gallery-item\" \/><\/li><li><img decoding=\"async\" src=\"https:\/\/www.sociales.unlz.edu.ar\/wp-content\/uploads\/2023\/09\/5.png\" alt=\"gallery-item\" \/><\/li><li><img decoding=\"async\" src=\"https:\/\/www.sociales.unlz.edu.ar\/wp-content\/uploads\/2023\/09\/6-1.png\" alt=\"gallery-item\" \/><\/li><li><img decoding=\"async\" src=\"https:\/\/www.sociales.unlz.edu.ar\/wp-content\/uploads\/2023\/09\/7.png\" alt=\"gallery-item\" \/><\/li><li><img decoding=\"async\" src=\"https:\/\/www.sociales.unlz.edu.ar\/wp-content\/uploads\/2023\/09\/8.png\" alt=\"gallery-item\" \/><\/li><li><img decoding=\"async\" src=\"https:\/\/www.sociales.unlz.edu.ar\/wp-content\/uploads\/2023\/09\/9.png\" alt=\"gallery-item\" \/><\/li><\/ul><\/div>\n","protected":false},"excerpt":{"rendered":"<p>La Facultad de Ciencias Sociales de la Universidad Nacional de Lomas de Zamora realiz\u00f3 el primer&#8230;<\/p>\n","protected":false},"author":8,"featured_media":20216,"comment_status":"open","ping_status":"open","sticky":false,"template":"","format":"standard","meta":{"footnotes":""},"categories":[135],"tags":[],"class_list":["post-20215","post","type-post","status-publish","format-standard","has-post-thumbnail","hentry","category-novedades"],"_links":{"self":[{"href":"https:\/\/www.sociales.unlz.edu.ar\/index.php\/wp-json\/wp\/v2\/posts\/20215","targetHints":{"allow":["GET"]}}],"collection":[{"href":"https:\/\/www.sociales.unlz.edu.ar\/index.php\/wp-json\/wp\/v2\/posts"}],"about":[{"href":"https:\/\/www.sociales.unlz.edu.ar\/index.php\/wp-json\/wp\/v2\/types\/post"}],"author":[{"embeddable":true,"href":"https:\/\/www.sociales.unlz.edu.ar\/index.php\/wp-json\/wp\/v2\/users\/8"}],"replies":[{"embeddable":true,"href":"https:\/\/www.sociales.unlz.edu.ar\/index.php\/wp-json\/wp\/v2\/comments?post=20215"}],"version-history":[{"count":3,"href":"https:\/\/www.sociales.unlz.edu.ar\/index.php\/wp-json\/wp\/v2\/posts\/20215\/revisions"}],"predecessor-version":[{"id":20233,"href":"https:\/\/www.sociales.unlz.edu.ar\/index.php\/wp-json\/wp\/v2\/posts\/20215\/revisions\/20233"}],"wp:featuredmedia":[{"embeddable":true,"href":"https:\/\/www.sociales.unlz.edu.ar\/index.php\/wp-json\/wp\/v2\/media\/20216"}],"wp:attachment":[{"href":"https:\/\/www.sociales.unlz.edu.ar\/index.php\/wp-json\/wp\/v2\/media?parent=20215"}],"wp:term":[{"taxonomy":"category","embeddable":true,"href":"https:\/\/www.sociales.unlz.edu.ar\/index.php\/wp-json\/wp\/v2\/categories?post=20215"},{"taxonomy":"post_tag","embeddable":true,"href":"https:\/\/www.sociales.unlz.edu.ar\/index.php\/wp-json\/wp\/v2\/tags?post=20215"}],"curies":[{"name":"wp","href":"https:\/\/api.w.org\/{rel}","templated":true}]}}