{"id":19062,"date":"2023-04-28T09:59:38","date_gmt":"2023-04-28T12:59:38","guid":{"rendered":"https:\/\/www.sociales.unlz.edu.ar\/?p=19062"},"modified":"2023-04-28T14:56:53","modified_gmt":"2023-04-28T17:56:53","slug":"se-llevo-a-cabo-la-conferencia-retos-para-la-formacion-de-periodistas-en-america-latina","status":"publish","type":"post","link":"https:\/\/www.sociales.unlz.edu.ar\/index.php\/2023\/04\/28\/se-llevo-a-cabo-la-conferencia-retos-para-la-formacion-de-periodistas-en-america-latina\/","title":{"rendered":"Se llev\u00f3 a cabo la conferencia &#8220;Retos para la formaci\u00f3n de periodistas en Am\u00e9rica Latina&#8221;"},"content":{"rendered":"<h5>La conferencia \u201cRetos para la formaci\u00f3n de periodistas en Am\u00e9rica Latina\u201d -que estuvo a cargo de la mag\u00edster y coordinadora de la licenciatura en periodismo de la Universidad de Guadalajara, Centro Universitario del Sur en M\u00e9xico, Rosa Garc\u00eda G\u00f3mez- se realiz\u00f3 en la Facultad de Ciencias Sociales de la Universidad Nacional de Lomas de Zamora (UNLZ).<\/h5>\n<h5>El decano de nuestra casa de estudios, Gustavo Na\u00f3n, sostuvo -durante el panel de apertura- que desde nuestra Facultad \u201cseguimos defendiendo el periodismo como una pr\u00e1ctica social y profesional\u201d.<\/h5>\n<h5>La actividad, moderada por la profesora de las asignaturas Comunicaci\u00f3n I y Problem\u00e1tica period\u00edstica, Silvia Rivas, se realiz\u00f3 en el auditorio Rodolfo Walsh de la instituci\u00f3n y fue convocada por el Instituto de Estudios Sociales-Unicom de la Facultad de Ciencias Sociales.<\/h5>\n<h5>Mir\u00e1 la conferencia completa <a href=\"https:\/\/www.youtube.com\/watch?v=Rg3TCR86VUg&amp;ab_channel=FacultaddeCienciasSocialesUNLZ\">ac\u00e1<\/a>.<\/h5>\n<p>&nbsp;<\/p>\n","protected":false},"excerpt":{"rendered":"<p>La conferencia \u201cRetos para la formaci\u00f3n de periodistas en Am\u00e9rica Latina\u201d -que estuvo a cargo de&#8230;<\/p>\n","protected":false},"author":8,"featured_media":19063,"comment_status":"open","ping_status":"open","sticky":false,"template":"","format":"standard","meta":{"footnotes":""},"categories":[135,1],"tags":[],"class_list":["post-19062","post","type-post","status-publish","format-standard","has-post-thumbnail","hentry","category-novedades","category-sin-categoria"],"_links":{"self":[{"href":"https:\/\/www.sociales.unlz.edu.ar\/index.php\/wp-json\/wp\/v2\/posts\/19062","targetHints":{"allow":["GET"]}}],"collection":[{"href":"https:\/\/www.sociales.unlz.edu.ar\/index.php\/wp-json\/wp\/v2\/posts"}],"about":[{"href":"https:\/\/www.sociales.unlz.edu.ar\/index.php\/wp-json\/wp\/v2\/types\/post"}],"author":[{"embeddable":true,"href":"https:\/\/www.sociales.unlz.edu.ar\/index.php\/wp-json\/wp\/v2\/users\/8"}],"replies":[{"embeddable":true,"href":"https:\/\/www.sociales.unlz.edu.ar\/index.php\/wp-json\/wp\/v2\/comments?post=19062"}],"version-history":[{"count":5,"href":"https:\/\/www.sociales.unlz.edu.ar\/index.php\/wp-json\/wp\/v2\/posts\/19062\/revisions"}],"predecessor-version":[{"id":19065,"href":"https:\/\/www.sociales.unlz.edu.ar\/index.php\/wp-json\/wp\/v2\/posts\/19062\/revisions\/19065"}],"wp:featuredmedia":[{"embeddable":true,"href":"https:\/\/www.sociales.unlz.edu.ar\/index.php\/wp-json\/wp\/v2\/media\/19063"}],"wp:attachment":[{"href":"https:\/\/www.sociales.unlz.edu.ar\/index.php\/wp-json\/wp\/v2\/media?parent=19062"}],"wp:term":[{"taxonomy":"category","embeddable":true,"href":"https:\/\/www.sociales.unlz.edu.ar\/index.php\/wp-json\/wp\/v2\/categories?post=19062"},{"taxonomy":"post_tag","embeddable":true,"href":"https:\/\/www.sociales.unlz.edu.ar\/index.php\/wp-json\/wp\/v2\/tags?post=19062"}],"curies":[{"name":"wp","href":"https:\/\/api.w.org\/{rel}","templated":true}]}}