{"id":17115,"date":"2022-09-25T22:51:37","date_gmt":"2022-09-26T01:51:37","guid":{"rendered":"https:\/\/www.sociales.unlz.edu.ar\/?p=17115"},"modified":"2022-09-25T22:51:37","modified_gmt":"2022-09-26T01:51:37","slug":"docente-de-la-unlz-represento-a-latinoamerica-en-un-encuentro-de-jovenes-con-el-papa-francisco","status":"publish","type":"post","link":"https:\/\/www.sociales.unlz.edu.ar\/index.php\/2022\/09\/25\/docente-de-la-unlz-represento-a-latinoamerica-en-un-encuentro-de-jovenes-con-el-papa-francisco\/","title":{"rendered":"Docente de la UNLZ represent\u00f3 a Latinoam\u00e9rica en un encuentro de j\u00f3venes con el Papa Francisco"},"content":{"rendered":"<p>El secretario de Relaciones Institucionales de la Facultad de Ciencias Sociales de la Universidad Nacional de Lomas de Zamora (UNLZ), Facundo Pascutto, fue uno de los oradores durante el encuentro \u201cLa econom\u00eda de Francisco\u201d, que se realiz\u00f3 en la ciudad de As\u00eds, Italia, y que estuvo encabezado por el Papa Francisco.<\/p>\n<p>En ese marco de dimensi\u00f3n global, el Sumo Pont\u00edfice exhort\u00f3 a los miles de j\u00f3venes de m\u00e1s de 120 pa\u00edses presentes, a generar un cambio que derive hacia una nueva econom\u00eda que ponga en el centro a las personas junto a la sostenibilidad y la inclusi\u00f3n. \u201cSe trata de transformar una econom\u00eda que mata, en una econom\u00eda de la vida en todas sus dimensiones\u201d, expres\u00f3 la m\u00e1xima autoridad de la Iglesia Cat\u00f3lica. Y, en otro pasaje de su alocuci\u00f3n, alert\u00f3 que \u201cla situaci\u00f3n es tal que no podemos esperar a la pr\u00f3xima cumbre internacional: la tierra arde hoy, y es hoy que debemos cambiar\u201d.<\/p>\n<p>Antes y en representaci\u00f3n de Am\u00e9rica Latina, Pascutto explic\u00f3 un proyecto impulsado desde la UNLZ que tiene el prop\u00f3sito de \u201crepensar una econom\u00eda con rostro humano, que nos interpela y nos moviliza en pos de multiplicar su propuesta\u201d.<\/p>\n<p>\u201cBuscamos multiplicar y poner en pr\u00e1ctica la palabra de Francisco a lo largo y a lo ancho de la Argentina realizando \u2018peque\u00f1os As\u00eds\u2019 en sociedades de fomento, clubes de barrio, sindicatos, universidades, cooperativas, comedores comunitarios, unidades penitenciarias, y peque\u00f1as y medianas empresas. El proyecto tiene dos aristas: por un lado, brindamos herramientas acad\u00e9micas, formaci\u00f3n profesional, asesoramiento jur\u00eddico y contable a estas instituciones y, por el otro, celebramos un As\u00eds en cada una de ellas\u201d, explic\u00f3 el secretario de Relaciones Institucionales de Sociales-UNLZ, que estuvo acompa\u00f1ado por el titular del Seminario de Pensamiento Nacional, que se dicta en esa casa de estudios, Rodrigo L\u00f3pez Merino.<\/p>\n<p>\u201cLa econom\u00eda de Francisco\u201d es un evento que fue lanzado por el Pont\u00edfice en 2019 con el prop\u00f3sito de construir \u201cun nuevo modelo econ\u00f3mico m\u00e1s inclusivo, humano y que respete la casa com\u00fan\u201d.<\/p>\n<p>En aquel a\u00f1o, la presentaci\u00f3n en Argentina se hab\u00eda realizado en la UNLZ, en un acto encabezado por el rector, Diego Molea; el obispo de Lomas de Zamora, Jorge Lugones, y del que participaron autoridades de las casas de estudio, junto a representantes de la Iglesia, la CGT, movimientos de la econom\u00eda popular, militantes estudiantiles y pensadores del campo nacional.<\/p>\n<p>\u201cEl objetivo debe ser trabajar por el pr\u00f3jimo y construir una patria para todos. Hoy aqu\u00ed estamos integrados, debatiendo entre movimientos sociales, la iglesia, los empresarios, los sectores sindicales y la Universidad, con un \u00fanico prop\u00f3sito: trabajar por una sociedad m\u00e1s justa\u201d, hab\u00eda expresado Molea en aquella oportunidad.<\/p>\n<p>Tres a\u00f1os despu\u00e9s, pandemia mediante, miles de j\u00f3venes trabajaron durante tres d\u00edas en doce grupos en los que trataron los temas de agricultura y justicia; vida y estilos de vida; vocaci\u00f3n y beneficio; trabajo y cuidado; gesti\u00f3n y don; finanza y humanidad; pol\u00edticas para la felicidad; negocios y paz; la econom\u00eda y la mujer; energ\u00eda y pobreza; empresas en transici\u00f3n y la desigualdad.<\/p>\n<p>La participaci\u00f3n de Pascutto en As\u00eds se dio en v\u00edsperas del cincuentenario de la Universidad Nacional de Lomas de Zamora, la primera instituci\u00f3n universitaria del conurbano bonaerense, motivo por el que el Papa envi\u00f3 su saludo a toda la comunidad acad\u00e9mica.El secretario de Relaciones Institucionales de la Facultad de Ciencias Sociales de la Universidad Nacional de Lomas de Zamora (UNLZ), Facundo Pascutto, fue uno de los oradores durante el encuentro \u201cLa econom\u00eda de Francisco\u201d, que se realiz\u00f3 en la ciudad de As\u00eds, Italia, y que estuvo encabezado por el Papa Francisco.<\/p>\n<p>En ese marco de dimensi\u00f3n global, el Sumo Pont\u00edfice exhort\u00f3 a los miles de j\u00f3venes de m\u00e1s de 120 pa\u00edses presentes, a generar un cambio que derive hacia una nueva econom\u00eda que ponga en el centro a las personas junto a la sostenibilidad y la inclusi\u00f3n. \u201cSe trata de transformar una econom\u00eda que mata, en una econom\u00eda de la vida en todas sus dimensiones\u201d, expres\u00f3 la m\u00e1xima autoridad de la Iglesia Cat\u00f3lica. Y, en otro pasaje de su alocuci\u00f3n, alert\u00f3 que \u201cla situaci\u00f3n es tal que no podemos esperar a la pr\u00f3xima cumbre internacional: la tierra arde hoy, y es hoy que debemos cambiar\u201d.<\/p>\n<p>Antes y en representaci\u00f3n de Am\u00e9rica Latina, Pascutto explic\u00f3 un proyecto impulsado desde la UNLZ que tiene el prop\u00f3sito de \u201crepensar una econom\u00eda con rostro humano, que nos interpela y nos moviliza en pos de multiplicar su propuesta\u201d.<\/p>\n<p>\u201cBuscamos multiplicar y poner en pr\u00e1ctica la palabra de Francisco a lo largo y a lo ancho de la Argentina realizando \u2018peque\u00f1os As\u00eds\u2019 en sociedades de fomento, clubes de barrio, sindicatos, universidades, cooperativas, comedores comunitarios, unidades penitenciarias, y peque\u00f1as y medianas empresas. El proyecto tiene dos aristas: por un lado, brindamos herramientas acad\u00e9micas, formaci\u00f3n profesional, asesoramiento jur\u00eddico y contable a estas instituciones y, por el otro, celebramos un As\u00eds en cada una de ellas\u201d, explic\u00f3 el secretario de Relaciones Institucionales de Sociales-UNLZ, que estuvo acompa\u00f1ado por el titular del Seminario de Pensamiento Nacional, que se dicta en esa casa de estudios, Rodrigo L\u00f3pez Merino.<\/p>\n<p>\u201cLa econom\u00eda de Francisco\u201d es un evento que fue lanzado por el Pont\u00edfice en 2019 con el prop\u00f3sito de construir \u201cun nuevo modelo econ\u00f3mico m\u00e1s inclusivo, humano y que respete la casa com\u00fan\u201d.<\/p>\n<p>En aquel a\u00f1o, la presentaci\u00f3n en Argentina se hab\u00eda realizado en la UNLZ, en un acto encabezado por el rector, Diego Molea; el obispo de Lomas de Zamora, Jorge Lugones, y del que participaron autoridades de las casas de estudio, junto a representantes de la Iglesia, la CGT, movimientos de la econom\u00eda popular, militantes estudiantiles y pensadores del campo nacional.<\/p>\n<p>\u201cEl objetivo debe ser trabajar por el pr\u00f3jimo y construir una patria para todos. Hoy aqu\u00ed estamos integrados, debatiendo entre movimientos sociales, la iglesia, los empresarios, los sectores sindicales y la Universidad, con un \u00fanico prop\u00f3sito: trabajar por una sociedad m\u00e1s justa\u201d, hab\u00eda expresado Molea en aquella oportunidad.<\/p>\n<p>Tres a\u00f1os despu\u00e9s, pandemia mediante, miles de j\u00f3venes trabajaron durante tres d\u00edas en doce grupos en los que trataron los temas de agricultura y justicia; vida y estilos de vida; vocaci\u00f3n y beneficio; trabajo y cuidado; gesti\u00f3n y don; finanza y humanidad; pol\u00edticas para la felicidad; negocios y paz; la econom\u00eda y la mujer; energ\u00eda y pobreza; empresas en transici\u00f3n y la desigualdad.<\/p>\n<p>La participaci\u00f3n de Pascutto en As\u00eds se dio en v\u00edsperas del cincuentenario de la Universidad Nacional de Lomas de Zamora, la primera instituci\u00f3n universitaria del conurbano bonaerense, motivo por el que el Papa envi\u00f3 su saludo a toda la comunidad acad\u00e9mica.<\/p>\n<div class=\"clearfix mt16\"><ul class=\"carousel-one-item carousel-olw-nav slides post-slider\"><li><img decoding=\"async\" src=\"https:\/\/www.sociales.unlz.edu.ar\/wp-content\/uploads\/2022\/09\/WhatsApp-Image-2022-09-24-at-20.16.38-1280x900.jpeg\" alt=\"gallery-item\" \/><\/li><li><img decoding=\"async\" src=\"https:\/\/www.sociales.unlz.edu.ar\/wp-content\/uploads\/2022\/09\/WhatsApp-Image-2022-09-24-at-20.16.39-1280x900.jpeg\" alt=\"gallery-item\" \/><\/li><\/ul><\/div>\n","protected":false},"excerpt":{"rendered":"<p>El secretario de Relaciones Institucionales de la Facultad de Ciencias Sociales de la Universidad Nacional de&#8230;<\/p>\n","protected":false},"author":8,"featured_media":17116,"comment_status":"open","ping_status":"open","sticky":false,"template":"","format":"standard","meta":{"footnotes":""},"categories":[135],"tags":[],"class_list":["post-17115","post","type-post","status-publish","format-standard","has-post-thumbnail","hentry","category-novedades"],"_links":{"self":[{"href":"https:\/\/www.sociales.unlz.edu.ar\/index.php\/wp-json\/wp\/v2\/posts\/17115","targetHints":{"allow":["GET"]}}],"collection":[{"href":"https:\/\/www.sociales.unlz.edu.ar\/index.php\/wp-json\/wp\/v2\/posts"}],"about":[{"href":"https:\/\/www.sociales.unlz.edu.ar\/index.php\/wp-json\/wp\/v2\/types\/post"}],"author":[{"embeddable":true,"href":"https:\/\/www.sociales.unlz.edu.ar\/index.php\/wp-json\/wp\/v2\/users\/8"}],"replies":[{"embeddable":true,"href":"https:\/\/www.sociales.unlz.edu.ar\/index.php\/wp-json\/wp\/v2\/comments?post=17115"}],"version-history":[{"count":1,"href":"https:\/\/www.sociales.unlz.edu.ar\/index.php\/wp-json\/wp\/v2\/posts\/17115\/revisions"}],"predecessor-version":[{"id":17118,"href":"https:\/\/www.sociales.unlz.edu.ar\/index.php\/wp-json\/wp\/v2\/posts\/17115\/revisions\/17118"}],"wp:featuredmedia":[{"embeddable":true,"href":"https:\/\/www.sociales.unlz.edu.ar\/index.php\/wp-json\/wp\/v2\/media\/17116"}],"wp:attachment":[{"href":"https:\/\/www.sociales.unlz.edu.ar\/index.php\/wp-json\/wp\/v2\/media?parent=17115"}],"wp:term":[{"taxonomy":"category","embeddable":true,"href":"https:\/\/www.sociales.unlz.edu.ar\/index.php\/wp-json\/wp\/v2\/categories?post=17115"},{"taxonomy":"post_tag","embeddable":true,"href":"https:\/\/www.sociales.unlz.edu.ar\/index.php\/wp-json\/wp\/v2\/tags?post=17115"}],"curies":[{"name":"wp","href":"https:\/\/api.w.org\/{rel}","templated":true}]}}