{"id":16975,"date":"2022-09-20T11:47:18","date_gmt":"2022-09-20T14:47:18","guid":{"rendered":"https:\/\/www.sociales.unlz.edu.ar\/?p=16975"},"modified":"2022-09-21T11:58:55","modified_gmt":"2022-09-21T14:58:55","slug":"el-saop-volvio-a-compartir-sus-experiencias-en-una-nueva-jornada","status":"publish","type":"post","link":"https:\/\/www.sociales.unlz.edu.ar\/index.php\/2022\/09\/20\/el-saop-volvio-a-compartir-sus-experiencias-en-una-nueva-jornada\/","title":{"rendered":"El Saop comparti\u00f3 experiencias y proyectos en una nueva Jornada"},"content":{"rendered":"<p>El Servicio de Atenci\u00f3n y Orientaci\u00f3n Psicopedag\u00f3gica (SAOP) realiz\u00f3 una jornada en nuestra Facultad en el marco de los festejos por los 50 a\u00f1os de la Universidad Nacional de Lomas de Zamora.<\/p>\n<p>\u201cAbrazando experiencias, ternurando lazos\u201d se desarroll\u00f3 en el aula D de nuestra casa de estudios y cont\u00f3 con paneles a cargo de docentes e investigadores, quienes presentaron proyectos, programas, casos cl\u00ednicos y otros trabajos y experiencias llevadas a cabo por ese espacio perteneciente a la casa de estudios. Adem\u00e1s, en el encuentro tuvieron lugar n\u00fameros art\u00edsticos que disfrutaron los m\u00e1s de 200 asistentes.<\/p>\n<p>El decano de la Facultad de Ciencias Sociales, Gustavo Na\u00f3n, inaugur\u00f3 la jornada del s\u00e1bado por la ma\u00f1ana. All\u00ed, afirm\u00f3 que \u201cel SAOP es un espacio en el que se conjuga la calidad acad\u00e9mica y el compromiso social\u201d.<br \/>\nPor su parte, el director del SAOP, Oscar Amaya, resalt\u00f3 que \u201choy el SAOP constituye un espacio de formaci\u00f3n profesional para graduados, graduadas y estudiantes avanzados con un gran compromiso social\u201d.<br \/>\nTambi\u00e9n, durante la Jornada se dio a conocer un \u201cmanifiesto\u201d en defensa de una \u201cdiscapacidad en emergencia\u201d. En ese documento, los organizadores expresaron su preocupaci\u00f3n por las coberturas m\u00e9dicas y asistenciales de los pacientes con estas problem\u00e1ticas.<\/p>\n<p>El cierre estuvo a cargo del Taller Art\u00edstico-Literario: \u201cVoces del Alma\u201d en el que participaron docentes y pacientes del m\u00f3dulo de los martes y, como ep\u00edlogo, Amaya consider\u00f3 que \u201cla distancia \u00f3ptima es el abrazo\u201d, y destac\u00f3 la importancia del regreso de las jornadas presenciales tras el aislamiento social por la pandemia de coronavirus.<\/p>\n<p>&nbsp;<\/p>\n<div class=\"clearfix mt16\"><ul class=\"carousel-one-item carousel-olw-nav slides post-slider\"><li><img decoding=\"async\" src=\"https:\/\/www.sociales.unlz.edu.ar\/wp-content\/uploads\/2022\/09\/1.jpg\" alt=\"gallery-item\" \/><\/li><li><img decoding=\"async\" src=\"https:\/\/www.sociales.unlz.edu.ar\/wp-content\/uploads\/2022\/09\/2.jpg\" alt=\"gallery-item\" \/><\/li><li><img decoding=\"async\" src=\"https:\/\/www.sociales.unlz.edu.ar\/wp-content\/uploads\/2022\/09\/3.jpg\" alt=\"gallery-item\" \/><\/li><li><img decoding=\"async\" src=\"https:\/\/www.sociales.unlz.edu.ar\/wp-content\/uploads\/2022\/09\/4.jpg\" alt=\"gallery-item\" \/><\/li><li><img decoding=\"async\" src=\"https:\/\/www.sociales.unlz.edu.ar\/wp-content\/uploads\/2022\/09\/5.jpg\" alt=\"gallery-item\" \/><\/li><li><img decoding=\"async\" src=\"https:\/\/www.sociales.unlz.edu.ar\/wp-content\/uploads\/2022\/09\/6.jpg\" alt=\"gallery-item\" \/><\/li><li><img decoding=\"async\" src=\"https:\/\/www.sociales.unlz.edu.ar\/wp-content\/uploads\/2022\/09\/7.jpg\" alt=\"gallery-item\" \/><\/li><li><img decoding=\"async\" src=\"https:\/\/www.sociales.unlz.edu.ar\/wp-content\/uploads\/2022\/09\/8.jpg\" alt=\"gallery-item\" \/><\/li><li><img decoding=\"async\" src=\"https:\/\/www.sociales.unlz.edu.ar\/wp-content\/uploads\/2022\/09\/9.jpg\" alt=\"gallery-item\" \/><\/li><li><img decoding=\"async\" src=\"https:\/\/www.sociales.unlz.edu.ar\/wp-content\/uploads\/2022\/09\/10.jpg\" alt=\"gallery-item\" \/><\/li><li><img decoding=\"async\" src=\"https:\/\/www.sociales.unlz.edu.ar\/wp-content\/uploads\/2022\/09\/11.jpg\" alt=\"gallery-item\" \/><\/li><li><img decoding=\"async\" src=\"https:\/\/www.sociales.unlz.edu.ar\/wp-content\/uploads\/2022\/09\/12.jpg\" alt=\"gallery-item\" \/><\/li><li><img decoding=\"async\" src=\"https:\/\/www.sociales.unlz.edu.ar\/wp-content\/uploads\/2022\/09\/13.jpg\" alt=\"gallery-item\" \/><\/li><li><img decoding=\"async\" src=\"https:\/\/www.sociales.unlz.edu.ar\/wp-content\/uploads\/2022\/09\/14.jpg\" alt=\"gallery-item\" \/><\/li><li><img decoding=\"async\" src=\"https:\/\/www.sociales.unlz.edu.ar\/wp-content\/uploads\/2022\/09\/15.jpg\" alt=\"gallery-item\" \/><\/li><li><img decoding=\"async\" src=\"https:\/\/www.sociales.unlz.edu.ar\/wp-content\/uploads\/2022\/09\/16.jpg\" alt=\"gallery-item\" \/><\/li><li><img decoding=\"async\" src=\"https:\/\/www.sociales.unlz.edu.ar\/wp-content\/uploads\/2022\/09\/17.jpg\" alt=\"gallery-item\" \/><\/li><li><img decoding=\"async\" src=\"https:\/\/www.sociales.unlz.edu.ar\/wp-content\/uploads\/2022\/09\/18.jpg\" alt=\"gallery-item\" \/><\/li><li><img decoding=\"async\" src=\"https:\/\/www.sociales.unlz.edu.ar\/wp-content\/uploads\/2022\/09\/19.jpg\" alt=\"gallery-item\" \/><\/li><li><img decoding=\"async\" src=\"https:\/\/www.sociales.unlz.edu.ar\/wp-content\/uploads\/2022\/09\/21.jpg\" alt=\"gallery-item\" \/><\/li><li><img decoding=\"async\" src=\"https:\/\/www.sociales.unlz.edu.ar\/wp-content\/uploads\/2022\/09\/20.jpg\" alt=\"gallery-item\" \/><\/li><li><img decoding=\"async\" src=\"https:\/\/www.sociales.unlz.edu.ar\/wp-content\/uploads\/2022\/09\/22.jpg\" alt=\"gallery-item\" \/><\/li><li><img decoding=\"async\" src=\"https:\/\/www.sociales.unlz.edu.ar\/wp-content\/uploads\/2022\/09\/23.jpg\" alt=\"gallery-item\" \/><\/li><li><img decoding=\"async\" src=\"https:\/\/www.sociales.unlz.edu.ar\/wp-content\/uploads\/2022\/09\/27.jpg\" alt=\"gallery-item\" \/><\/li><li><img decoding=\"async\" src=\"https:\/\/www.sociales.unlz.edu.ar\/wp-content\/uploads\/2022\/09\/24.jpg\" alt=\"gallery-item\" \/><\/li><li><img decoding=\"async\" src=\"https:\/\/www.sociales.unlz.edu.ar\/wp-content\/uploads\/2022\/09\/26.jpg\" alt=\"gallery-item\" \/><\/li><li><img decoding=\"async\" src=\"https:\/\/www.sociales.unlz.edu.ar\/wp-content\/uploads\/2022\/09\/28.jpg\" alt=\"gallery-item\" \/><\/li><li><img decoding=\"async\" src=\"https:\/\/www.sociales.unlz.edu.ar\/wp-content\/uploads\/2022\/09\/25.jpg\" alt=\"gallery-item\" \/><\/li><\/ul><\/div>\n","protected":false},"excerpt":{"rendered":"<p>El Servicio de Atenci\u00f3n y Orientaci\u00f3n Psicopedag\u00f3gica (SAOP) realiz\u00f3 una jornada en nuestra Facultad en el&#8230;<\/p>\n","protected":false},"author":8,"featured_media":16976,"comment_status":"open","ping_status":"open","sticky":false,"template":"","format":"gallery","meta":{"footnotes":""},"categories":[135,1],"tags":[],"class_list":["post-16975","post","type-post","status-publish","format-gallery","has-post-thumbnail","hentry","category-novedades","category-sin-categoria","post_format-post-format-gallery"],"_links":{"self":[{"href":"https:\/\/www.sociales.unlz.edu.ar\/index.php\/wp-json\/wp\/v2\/posts\/16975","targetHints":{"allow":["GET"]}}],"collection":[{"href":"https:\/\/www.sociales.unlz.edu.ar\/index.php\/wp-json\/wp\/v2\/posts"}],"about":[{"href":"https:\/\/www.sociales.unlz.edu.ar\/index.php\/wp-json\/wp\/v2\/types\/post"}],"author":[{"embeddable":true,"href":"https:\/\/www.sociales.unlz.edu.ar\/index.php\/wp-json\/wp\/v2\/users\/8"}],"replies":[{"embeddable":true,"href":"https:\/\/www.sociales.unlz.edu.ar\/index.php\/wp-json\/wp\/v2\/comments?post=16975"}],"version-history":[{"count":5,"href":"https:\/\/www.sociales.unlz.edu.ar\/index.php\/wp-json\/wp\/v2\/posts\/16975\/revisions"}],"predecessor-version":[{"id":17045,"href":"https:\/\/www.sociales.unlz.edu.ar\/index.php\/wp-json\/wp\/v2\/posts\/16975\/revisions\/17045"}],"wp:featuredmedia":[{"embeddable":true,"href":"https:\/\/www.sociales.unlz.edu.ar\/index.php\/wp-json\/wp\/v2\/media\/16976"}],"wp:attachment":[{"href":"https:\/\/www.sociales.unlz.edu.ar\/index.php\/wp-json\/wp\/v2\/media?parent=16975"}],"wp:term":[{"taxonomy":"category","embeddable":true,"href":"https:\/\/www.sociales.unlz.edu.ar\/index.php\/wp-json\/wp\/v2\/categories?post=16975"},{"taxonomy":"post_tag","embeddable":true,"href":"https:\/\/www.sociales.unlz.edu.ar\/index.php\/wp-json\/wp\/v2\/tags?post=16975"}],"curies":[{"name":"wp","href":"https:\/\/api.w.org\/{rel}","templated":true}]}}